{"id":119757,"date":"2021-06-28T11:37:55","date_gmt":"2021-06-28T15:37:55","guid":{"rendered":"https:\/\/linitiative.ca\/International\/elections-professionnelles-lumt-seule-chez-les-centres-dappel\/"},"modified":"2021-06-28T11:37:55","modified_gmt":"2021-06-28T15:37:55","slug":"elections-professionnelles-lumt-seule-chez-les-centres-dappel","status":"publish","type":"post","link":"https:\/\/linitiative.ca\/International\/elections-professionnelles-lumt-seule-chez-les-centres-dappel\/","title":{"rendered":"\u00c9lections professionnelles: L\u2019UMT seule chez les centres d\u2019appel"},"content":{"rendered":"<div>\n<div class=\"field field-name-body field-type-text-with-summary field-label-hidden\">\n<div class=\"field-items\">\n<div class=\"field-item even\" property=\"content:encoded\">\n<p class=\"rtejustify\">L\u2019UMT est toujours la seule repr\u00e9sentation syndicale aupr\u00e8s des centres d\u2019appel et m\u00e9tiers de l\u2019offshoring. Lors des derni\u00e8res \u00e9lections professionnelles, l\u2019Union a pu y cumuler 200 d\u00e9put\u00e9s du personnel, se positionnant de fait en tant que syndicat \u00able plus repr\u00e9sentatif\u00bb. La centrale syndicale continue de consolider sa pr\u00e9sence dans le secteur, \u00e0 travers la F\u00e9d\u00e9ration nationale des centres d&rsquo;appel et des m\u00e9tiers de l&rsquo;offshoring, avec une implantation renforc\u00e9e dans la fili\u00e8re Centres de Contact.<\/p>\n<p class=\"rtejustify\"><strong>A.Na<\/strong><\/p>\n<\/div>\n<\/div>\n<\/div>\n<\/div>\n<p>Auteur: anazih<br \/>\n<a href=\"https:\/\/www.leconomiste.com\/flash-infos\/elections-professionnelles-l-umt-seule-chez-les-centres-d-appel\">Cliquez ici pour lire l&rsquo;article depuis sa source.<\/a><\/p>\n","protected":false},"excerpt":{"rendered":"<p>L\u2019UMT est toujours la seule repr\u00e9sentation syndicale aupr\u00e8s des centres d\u2019appel et m\u00e9tiers de l\u2019offshoring. Lors des derni\u00e8res \u00e9lections professionnelles, l\u2019Union a pu y cumuler 200 d\u00e9put\u00e9s du personnel, se positionnant de fait en tant que syndicat \u00able plus repr\u00e9sentatif\u00bb. La centrale syndicale continue de consolider sa pr\u00e9sence dans le secteur, \u00e0 travers la F\u00e9d\u00e9ration [&hellip;]<\/p>\n","protected":false},"author":1763,"featured_media":0,"comment_status":"closed","ping_status":"closed","sticky":false,"template":"","format":"standard","meta":{"fifu_image_url":"","fifu_image_alt":"","footnotes":""},"categories":[78,54],"tags":[],"class_list":["post-119757","post","type-post","status-publish","format-standard","hentry","category-economie","category-maroc"],"_links":{"self":[{"href":"https:\/\/linitiative.ca\/International\/wp-json\/wp\/v2\/posts\/119757","targetHints":{"allow":["GET"]}}],"collection":[{"href":"https:\/\/linitiative.ca\/International\/wp-json\/wp\/v2\/posts"}],"about":[{"href":"https:\/\/linitiative.ca\/International\/wp-json\/wp\/v2\/types\/post"}],"author":[{"embeddable":true,"href":"https:\/\/linitiative.ca\/International\/wp-json\/wp\/v2\/users\/1763"}],"replies":[{"embeddable":true,"href":"https:\/\/linitiative.ca\/International\/wp-json\/wp\/v2\/comments?post=119757"}],"version-history":[{"count":0,"href":"https:\/\/linitiative.ca\/International\/wp-json\/wp\/v2\/posts\/119757\/revisions"}],"wp:attachment":[{"href":"https:\/\/linitiative.ca\/International\/wp-json\/wp\/v2\/media?parent=119757"}],"wp:term":[{"taxonomy":"category","embeddable":true,"href":"https:\/\/linitiative.ca\/International\/wp-json\/wp\/v2\/categories?post=119757"},{"taxonomy":"post_tag","embeddable":true,"href":"https:\/\/linitiative.ca\/International\/wp-json\/wp\/v2\/tags?post=119757"}],"curies":[{"name":"wp","href":"https:\/\/api.w.org\/{rel}","templated":true}]}}