{"id":119758,"date":"2021-06-28T12:02:15","date_gmt":"2021-06-28T16:02:15","guid":{"rendered":"https:\/\/linitiative.ca\/International\/lafargeholcim-maroc-se-mobilise-pour-la-protection-de-lenvironnement\/"},"modified":"2021-06-28T12:02:15","modified_gmt":"2021-06-28T16:02:15","slug":"lafargeholcim-maroc-se-mobilise-pour-la-protection-de-lenvironnement","status":"publish","type":"post","link":"https:\/\/linitiative.ca\/International\/lafargeholcim-maroc-se-mobilise-pour-la-protection-de-lenvironnement\/","title":{"rendered":"LafargeHolcim Maroc se mobilise pour la protection de l\u2019environnement"},"content":{"rendered":"<div>\n<div class=\"field field-name-body field-type-text-with-summary field-label-hidden\">\n<div class=\"field-items\">\n<div class=\"field-item even\" property=\"content:encoded\">\n<p class=\"rtejustify\">Le cimentier LafargeHolcim Maroc s\u2019investit dans la protection de l\u2019environnement. Ses collaborateurs se sont mobilis\u00e9s dans le cadre de la\u00a0semaine du b\u00e9n\u00e9volat ax\u00e9e sur la protection de l\u2019environnement. Ils ont ainsi plant\u00e9 quelque 4.000 arbres dans les \u00e9coles, dispensaires et espaces de vie des riverains des usines et activit\u00e9s du groupe.<\/p>\n<\/div>\n<\/div>\n<\/div>\n<\/div>\n<p>Auteur: hgueye<br \/>\n<a href=\"https:\/\/www.leconomiste.com\/flash-infos\/lafargeholcim-maroc-se-mobilise-pour-la-protection-de-l-environnement\">Cliquez ici pour lire l&rsquo;article depuis sa source.<\/a><\/p>\n","protected":false},"excerpt":{"rendered":"<p>Le cimentier LafargeHolcim Maroc s\u2019investit dans la protection de l\u2019environnement. Ses collaborateurs se sont mobilis\u00e9s dans le cadre de la\u00a0semaine du b\u00e9n\u00e9volat ax\u00e9e sur la protection de l\u2019environnement. Ils ont ainsi plant\u00e9 quelque 4.000 arbres dans les \u00e9coles, dispensaires et espaces de vie des riverains des usines et activit\u00e9s du groupe. Auteur: hgueye Cliquez ici [&hellip;]<\/p>\n","protected":false},"author":1763,"featured_media":0,"comment_status":"closed","ping_status":"closed","sticky":false,"template":"","format":"standard","meta":{"fifu_image_url":"","fifu_image_alt":"","footnotes":""},"categories":[78,54],"tags":[],"class_list":["post-119758","post","type-post","status-publish","format-standard","hentry","category-economie","category-maroc"],"_links":{"self":[{"href":"https:\/\/linitiative.ca\/International\/wp-json\/wp\/v2\/posts\/119758","targetHints":{"allow":["GET"]}}],"collection":[{"href":"https:\/\/linitiative.ca\/International\/wp-json\/wp\/v2\/posts"}],"about":[{"href":"https:\/\/linitiative.ca\/International\/wp-json\/wp\/v2\/types\/post"}],"author":[{"embeddable":true,"href":"https:\/\/linitiative.ca\/International\/wp-json\/wp\/v2\/users\/1763"}],"replies":[{"embeddable":true,"href":"https:\/\/linitiative.ca\/International\/wp-json\/wp\/v2\/comments?post=119758"}],"version-history":[{"count":0,"href":"https:\/\/linitiative.ca\/International\/wp-json\/wp\/v2\/posts\/119758\/revisions"}],"wp:attachment":[{"href":"https:\/\/linitiative.ca\/International\/wp-json\/wp\/v2\/media?parent=119758"}],"wp:term":[{"taxonomy":"category","embeddable":true,"href":"https:\/\/linitiative.ca\/International\/wp-json\/wp\/v2\/categories?post=119758"},{"taxonomy":"post_tag","embeddable":true,"href":"https:\/\/linitiative.ca\/International\/wp-json\/wp\/v2\/tags?post=119758"}],"curies":[{"name":"wp","href":"https:\/\/api.w.org\/{rel}","templated":true}]}}