{"id":119760,"date":"2021-06-28T13:43:06","date_gmt":"2021-06-28T17:43:06","guid":{"rendered":"https:\/\/linitiative.ca\/International\/le-roi-preside-un-conseil-des-ministres-sur-la-reforme-fiscale-et-des-eep\/"},"modified":"2021-06-28T13:43:06","modified_gmt":"2021-06-28T17:43:06","slug":"le-roi-preside-un-conseil-des-ministres-sur-la-reforme-fiscale-et-des-eep","status":"publish","type":"post","link":"https:\/\/linitiative.ca\/International\/le-roi-preside-un-conseil-des-ministres-sur-la-reforme-fiscale-et-des-eep\/","title":{"rendered":"Le Roi pr\u00e9side un Conseil des ministres sur la r\u00e9forme fiscale et des EEP"},"content":{"rendered":"<div>\n<div class=\"field field-name-body field-type-text-with-summary field-label-hidden\">\n<div class=\"field-items\">\n<div class=\"field-item even\" property=\"content:encoded\">\n<p class=\"rtejustify\">Le Roi Mohammed VI a pr\u00e9sid\u00e9, lundi 28 juin 2021 au Palais Royal \u00e0 F\u00e8s, un Conseil des ministres, consacr\u00e9 \u00e0 l\u2019adoption de deux projets de loi-cadre, d\u2019un projet de loi et de plusieurs projets de d\u00e9crets et conventions internationales.<\/p>\n<\/div>\n<\/div>\n<\/div>\n<\/div>\n<p>Auteur: hgueye<br \/>\n<a href=\"https:\/\/www.leconomiste.com\/flash-infos\/le-roi-preside-un-conseil-des-ministres-sur-la-reforme-fiscale-et-des-eep\">Cliquez ici pour lire l&rsquo;article depuis sa source.<\/a><\/p>\n","protected":false},"excerpt":{"rendered":"<p>Le Roi Mohammed VI a pr\u00e9sid\u00e9, lundi 28 juin 2021 au Palais Royal \u00e0 F\u00e8s, un Conseil des ministres, consacr\u00e9 \u00e0 l\u2019adoption de deux projets de loi-cadre, d\u2019un projet de loi et de plusieurs projets de d\u00e9crets et conventions internationales. Auteur: hgueye Cliquez ici pour lire l&rsquo;article depuis sa source.<\/p>\n","protected":false},"author":1763,"featured_media":0,"comment_status":"closed","ping_status":"closed","sticky":false,"template":"","format":"standard","meta":{"fifu_image_url":"","fifu_image_alt":"","footnotes":""},"categories":[78,54],"tags":[],"class_list":["post-119760","post","type-post","status-publish","format-standard","hentry","category-economie","category-maroc"],"_links":{"self":[{"href":"https:\/\/linitiative.ca\/International\/wp-json\/wp\/v2\/posts\/119760","targetHints":{"allow":["GET"]}}],"collection":[{"href":"https:\/\/linitiative.ca\/International\/wp-json\/wp\/v2\/posts"}],"about":[{"href":"https:\/\/linitiative.ca\/International\/wp-json\/wp\/v2\/types\/post"}],"author":[{"embeddable":true,"href":"https:\/\/linitiative.ca\/International\/wp-json\/wp\/v2\/users\/1763"}],"replies":[{"embeddable":true,"href":"https:\/\/linitiative.ca\/International\/wp-json\/wp\/v2\/comments?post=119760"}],"version-history":[{"count":0,"href":"https:\/\/linitiative.ca\/International\/wp-json\/wp\/v2\/posts\/119760\/revisions"}],"wp:attachment":[{"href":"https:\/\/linitiative.ca\/International\/wp-json\/wp\/v2\/media?parent=119760"}],"wp:term":[{"taxonomy":"category","embeddable":true,"href":"https:\/\/linitiative.ca\/International\/wp-json\/wp\/v2\/categories?post=119760"},{"taxonomy":"post_tag","embeddable":true,"href":"https:\/\/linitiative.ca\/International\/wp-json\/wp\/v2\/tags?post=119760"}],"curies":[{"name":"wp","href":"https:\/\/api.w.org\/{rel}","templated":true}]}}