{"id":119761,"date":"2021-06-28T14:02:58","date_gmt":"2021-06-28T18:02:58","guid":{"rendered":"https:\/\/linitiative.ca\/International\/sngfe-amdie-irrhm-voici-les-nouveaux-directeurs\/"},"modified":"2021-06-28T14:02:58","modified_gmt":"2021-06-28T18:02:58","slug":"sngfe-amdie-irrhm-voici-les-nouveaux-directeurs","status":"publish","type":"post","link":"https:\/\/linitiative.ca\/International\/sngfe-amdie-irrhm-voici-les-nouveaux-directeurs\/","title":{"rendered":"SNGFE, AMDIE, IRRHM: Voici les nouveaux directeurs"},"content":{"rendered":"<div>\n<div class=\"field field-name-body field-type-text-with-summary field-label-hidden\">\n<div class=\"field-items\">\n<div class=\"field-item even\" property=\"content:encoded\">\n<p class=\"rtejustify\">Trois nominations ont \u00e9t\u00e9 approuv\u00e9es lors du Conseil des ministres tenu ce lundi 28 juin au Palais Royal \u00e0 F\u00e8s. A\u00a0l\u2019initiative du ministre de l\u2019\u00c9conomie, des Finances et de la R\u00e9forme de l\u2019administration, le Roi\u00a0a nomm\u00e9 Hicham Zenati Serghini, Directeur g\u00e9n\u00e9ral de la Soci\u00e9t\u00e9 nationale de Garantie et de financement de l\u2019entreprise (SNGFE), l&rsquo;ex-CCG.<\/p>\n<\/div>\n<\/div>\n<\/div>\n<\/div>\n<p>Auteur: hgueye<br \/>\n<a href=\"https:\/\/www.leconomiste.com\/flash-infos\/sngfe-amdie-irrhm-voici-les-nouveaux-directeurs\">Cliquez ici pour lire l&rsquo;article depuis sa source.<\/a><\/p>\n","protected":false},"excerpt":{"rendered":"<p>Trois nominations ont \u00e9t\u00e9 approuv\u00e9es lors du Conseil des ministres tenu ce lundi 28 juin au Palais Royal \u00e0 F\u00e8s. A\u00a0l\u2019initiative du ministre de l\u2019\u00c9conomie, des Finances et de la R\u00e9forme de l\u2019administration, le Roi\u00a0a nomm\u00e9 Hicham Zenati Serghini, Directeur g\u00e9n\u00e9ral de la Soci\u00e9t\u00e9 nationale de Garantie et de financement de l\u2019entreprise (SNGFE), l&rsquo;ex-CCG. Auteur: [&hellip;]<\/p>\n","protected":false},"author":1763,"featured_media":0,"comment_status":"closed","ping_status":"closed","sticky":false,"template":"","format":"standard","meta":{"fifu_image_url":"","fifu_image_alt":"","footnotes":""},"categories":[78,54],"tags":[],"class_list":["post-119761","post","type-post","status-publish","format-standard","hentry","category-economie","category-maroc"],"_links":{"self":[{"href":"https:\/\/linitiative.ca\/International\/wp-json\/wp\/v2\/posts\/119761","targetHints":{"allow":["GET"]}}],"collection":[{"href":"https:\/\/linitiative.ca\/International\/wp-json\/wp\/v2\/posts"}],"about":[{"href":"https:\/\/linitiative.ca\/International\/wp-json\/wp\/v2\/types\/post"}],"author":[{"embeddable":true,"href":"https:\/\/linitiative.ca\/International\/wp-json\/wp\/v2\/users\/1763"}],"replies":[{"embeddable":true,"href":"https:\/\/linitiative.ca\/International\/wp-json\/wp\/v2\/comments?post=119761"}],"version-history":[{"count":0,"href":"https:\/\/linitiative.ca\/International\/wp-json\/wp\/v2\/posts\/119761\/revisions"}],"wp:attachment":[{"href":"https:\/\/linitiative.ca\/International\/wp-json\/wp\/v2\/media?parent=119761"}],"wp:term":[{"taxonomy":"category","embeddable":true,"href":"https:\/\/linitiative.ca\/International\/wp-json\/wp\/v2\/categories?post=119761"},{"taxonomy":"post_tag","embeddable":true,"href":"https:\/\/linitiative.ca\/International\/wp-json\/wp\/v2\/tags?post=119761"}],"curies":[{"name":"wp","href":"https:\/\/api.w.org\/{rel}","templated":true}]}}