{"id":119762,"date":"2021-06-28T15:14:40","date_gmt":"2021-06-28T19:14:40","guid":{"rendered":"https:\/\/linitiative.ca\/International\/belgique-eden-hazard-nest-pas-rassure-pour-sa-blessure\/"},"modified":"2021-06-28T15:14:40","modified_gmt":"2021-06-28T19:14:40","slug":"belgique-eden-hazard-nest-pas-rassure-pour-sa-blessure","status":"publish","type":"post","link":"https:\/\/linitiative.ca\/International\/belgique-eden-hazard-nest-pas-rassure-pour-sa-blessure\/","title":{"rendered":"Belgique : Eden Hazard n&rsquo;est pas rassur\u00e9 pour sa blessure"},"content":{"rendered":"<div>Eden Hazard a d\u00e9clar\u00e9 qu&rsquo;il craignait que sa blessure aux ischio-jambiers ne soit grave apr\u00e8s avoir \u00eatre sorti en fin de match lors de la victoire 1-0 de la Belgique contre le Portugal<img loading=\"lazy\" decoding=\"async\" src=\"http:\/\/feeds.feedburner.com\/~r\/GalerieFArtciles\/~4\/5_L2Uz7sJTY\" height=\"1\" width=\"1\" alt=\"\"><\/div>\n<p>Auteur:<br \/>\n<a href=\"http:\/\/www.lebuteur.com\/article\/detail?titre=belgique-eden-hazard-nest-pas-rassure-pour-sa-blessure&#038;id=100487&#038;utm_source=feedburner&#038;utm_medium=feed&#038;utm_campaign=Feed%3A+GalerieFArtciles+%28Les+derniers+articles++-+lebuteur.com%29\">Cliquez ici pour lire l&rsquo;article depuis sa source.<\/a><\/p>\n","protected":false},"excerpt":{"rendered":"<p>Eden Hazard a d\u00e9clar\u00e9 qu&rsquo;il craignait que sa blessure aux ischio-jambiers ne soit grave apr\u00e8s avoir \u00eatre sorti en fin de match lors de la victoire 1-0 de la Belgique contre le Portugal Auteur: Cliquez ici pour lire l&rsquo;article depuis sa source.<\/p>\n","protected":false},"author":1738,"featured_media":0,"comment_status":"closed","ping_status":"closed","sticky":false,"template":"","format":"standard","meta":{"fifu_image_url":"http:\/\/feeds.feedburner.com\/~r\/GalerieFArtciles\/~4\/5_L2Uz7sJTY","fifu_image_alt":"<div>Belgique : Eden Hazard n'est pas rassur\u00e9 pour sa blessure<\/div>","footnotes":""},"categories":[53,75],"tags":[],"class_list":["post-119762","post","type-post","status-publish","format-standard","hentry","category-algerie","category-sport"],"_links":{"self":[{"href":"https:\/\/linitiative.ca\/International\/wp-json\/wp\/v2\/posts\/119762","targetHints":{"allow":["GET"]}}],"collection":[{"href":"https:\/\/linitiative.ca\/International\/wp-json\/wp\/v2\/posts"}],"about":[{"href":"https:\/\/linitiative.ca\/International\/wp-json\/wp\/v2\/types\/post"}],"author":[{"embeddable":true,"href":"https:\/\/linitiative.ca\/International\/wp-json\/wp\/v2\/users\/1738"}],"replies":[{"embeddable":true,"href":"https:\/\/linitiative.ca\/International\/wp-json\/wp\/v2\/comments?post=119762"}],"version-history":[{"count":0,"href":"https:\/\/linitiative.ca\/International\/wp-json\/wp\/v2\/posts\/119762\/revisions"}],"wp:attachment":[{"href":"https:\/\/linitiative.ca\/International\/wp-json\/wp\/v2\/media?parent=119762"}],"wp:term":[{"taxonomy":"category","embeddable":true,"href":"https:\/\/linitiative.ca\/International\/wp-json\/wp\/v2\/categories?post=119762"},{"taxonomy":"post_tag","embeddable":true,"href":"https:\/\/linitiative.ca\/International\/wp-json\/wp\/v2\/tags?post=119762"}],"curies":[{"name":"wp","href":"https:\/\/api.w.org\/{rel}","templated":true}]}}