{"id":119763,"date":"2021-06-28T15:14:42","date_gmt":"2021-06-28T19:14:42","guid":{"rendered":"https:\/\/linitiative.ca\/International\/portugal-les-mots-de-ronaldo-pour-thibault-courtois-a-la-fin-du-match\/"},"modified":"2021-06-28T15:14:42","modified_gmt":"2021-06-28T19:14:42","slug":"portugal-les-mots-de-ronaldo-pour-thibault-courtois-a-la-fin-du-match","status":"publish","type":"post","link":"https:\/\/linitiative.ca\/International\/portugal-les-mots-de-ronaldo-pour-thibault-courtois-a-la-fin-du-match\/","title":{"rendered":"Portugal : Les mots de Ronaldo pour Thibault Courtois \u00e0 la fin du match"},"content":{"rendered":"<div>Malgr\u00e9 une fin de match largement domin\u00e9, le Portugal n\u2019aura pas r\u00e9ussi \u00e0 renverser la Belgique lors du huiti\u00e8me de finale de l\u2019Euro<img loading=\"lazy\" decoding=\"async\" src=\"http:\/\/feeds.feedburner.com\/~r\/GalerieFArtciles\/~4\/Q5WAbGNh5aQ\" height=\"1\" width=\"1\" alt=\"\"><\/div>\n<p>Auteur:<br \/>\n<a href=\"http:\/\/www.lebuteur.com\/article\/detail?titre=portugal-les-mots-de-ronaldo-pour-thibault-courtois-a-la-fin-du-match&#038;id=100488&#038;utm_source=feedburner&#038;utm_medium=feed&#038;utm_campaign=Feed%3A+GalerieFArtciles+%28Les+derniers+articles++-+lebuteur.com%29\">Cliquez ici pour lire l&rsquo;article depuis sa source.<\/a><\/p>\n","protected":false},"excerpt":{"rendered":"<p>Malgr\u00e9 une fin de match largement domin\u00e9, le Portugal n\u2019aura pas r\u00e9ussi \u00e0 renverser la Belgique lors du huiti\u00e8me de finale de l\u2019Euro Auteur: Cliquez ici pour lire l&rsquo;article depuis sa source.<\/p>\n","protected":false},"author":1738,"featured_media":0,"comment_status":"closed","ping_status":"closed","sticky":false,"template":"","format":"standard","meta":{"fifu_image_url":"http:\/\/feeds.feedburner.com\/~r\/GalerieFArtciles\/~4\/Q5WAbGNh5aQ","fifu_image_alt":"Portugal : Les mots de Ronaldo pour Thibault Courtois \u00e0 la fin du match","footnotes":""},"categories":[53,75],"tags":[],"class_list":["post-119763","post","type-post","status-publish","format-standard","hentry","category-algerie","category-sport"],"_links":{"self":[{"href":"https:\/\/linitiative.ca\/International\/wp-json\/wp\/v2\/posts\/119763","targetHints":{"allow":["GET"]}}],"collection":[{"href":"https:\/\/linitiative.ca\/International\/wp-json\/wp\/v2\/posts"}],"about":[{"href":"https:\/\/linitiative.ca\/International\/wp-json\/wp\/v2\/types\/post"}],"author":[{"embeddable":true,"href":"https:\/\/linitiative.ca\/International\/wp-json\/wp\/v2\/users\/1738"}],"replies":[{"embeddable":true,"href":"https:\/\/linitiative.ca\/International\/wp-json\/wp\/v2\/comments?post=119763"}],"version-history":[{"count":0,"href":"https:\/\/linitiative.ca\/International\/wp-json\/wp\/v2\/posts\/119763\/revisions"}],"wp:attachment":[{"href":"https:\/\/linitiative.ca\/International\/wp-json\/wp\/v2\/media?parent=119763"}],"wp:term":[{"taxonomy":"category","embeddable":true,"href":"https:\/\/linitiative.ca\/International\/wp-json\/wp\/v2\/categories?post=119763"},{"taxonomy":"post_tag","embeddable":true,"href":"https:\/\/linitiative.ca\/International\/wp-json\/wp\/v2\/tags?post=119763"}],"curies":[{"name":"wp","href":"https:\/\/api.w.org\/{rel}","templated":true}]}}