{"id":119767,"date":"2021-06-28T04:54:00","date_gmt":"2021-06-28T08:54:00","guid":{"rendered":"https:\/\/linitiative.ca\/International\/et-si-lon-substituait-un-projet-imperatif-au-mandat-representatif\/"},"modified":"2021-06-28T04:54:00","modified_gmt":"2021-06-28T08:54:00","slug":"et-si-lon-substituait-un-projet-imperatif-au-mandat-representatif","status":"publish","type":"post","link":"https:\/\/linitiative.ca\/International\/et-si-lon-substituait-un-projet-imperatif-au-mandat-representatif\/","title":{"rendered":"Et si l\u2019on substituait un projet imp\u00e9ratif au mandat repr\u00e9sentatif ?"},"content":{"rendered":"<div><img decoding=\"async\" src=\"https:\/\/linitiative.ca\/International\/wp-content\/uploads\/sites\/23\/2021\/06\/1624873311_article.jpg\" alt=\"Et si l\u2019on substitue un projet imp\u00e9ratif au mandat repr\u00e9sentatif ?\" align=\"left\">Par Youcef Ennebli &#8211; Dans les deux articles pr\u00e9c\u00e9dents, en dates du 02 juin 2021 et du 22 juin 2021, nous avons d\u00e9j\u00e0 montr\u00e9 successivement que la d\u00e9mocratie repr\u00e9sentative (DR) n\u2019est pas un v\u00e9ritable syst\u00e8me d\u00e9mocratique et la d\u00e9mocratie devait \u00eatre d\u00e9finie \u00e0 travers la finalit\u00e9 d\u2019une bonne politique, \u00e0 savoir le bonheur de tous.<br \/>\nNous ne sommes pas contre l\u2019id\u00e9e de la repr\u00e9sentativit\u00e9. La d\u00e9mocratie directe (DD), si attractive et id\u00e9ale soit-elle, demeure utopique. Cependant, il ne faut pas ignorer un fait : le mandat repr\u00e9sentatif, qui est libre et non r\u00e9vocable, dont b\u00e9n\u00e9ficient les repr\u00e9sentants de la nation, ouvre la voie \u00e0 ces derniers d\u2019agir en tous &#8230;<\/p>\n<\/div>\n<p>Auteur:<br \/>\n<a href=\"https:\/\/www.leaders.com.tn\/article\/32087-et-si-l-on-substitue-un-projet-imperatif-au-mandat-representatif\">Cliquez ici pour lire l&rsquo;article depuis sa source.<\/a><\/p>\n","protected":false},"excerpt":{"rendered":"<p>Par Youcef Ennebli &#8211; Dans les deux articles pr\u00e9c\u00e9dents, en dates du 02 juin 2021 et du 22 juin 2021, nous avons d\u00e9j\u00e0 montr\u00e9 successivement que la d\u00e9mocratie repr\u00e9sentative (DR) n\u2019est pas un v\u00e9ritable syst\u00e8me d\u00e9mocratique et la d\u00e9mocratie devait \u00eatre d\u00e9finie \u00e0 travers la finalit\u00e9 d\u2019une bonne politique, \u00e0 savoir le bonheur de tous. [&hellip;]<\/p>\n","protected":false},"author":1772,"featured_media":0,"comment_status":"closed","ping_status":"closed","sticky":false,"template":"","format":"standard","meta":{"fifu_image_url":"http:\/\/www.leaders.com.tn\/uploads\/content\/thumbnails_small\/1624873311_article.jpg","fifu_image_alt":"Et si l\u2019on substituait un projet imp\u00e9ratif au mandat repr\u00e9sentatif ?","footnotes":""},"categories":[73,55],"tags":[],"class_list":["post-119767","post","type-post","status-publish","format-standard","hentry","category-actualite","category-tunisie"],"_links":{"self":[{"href":"https:\/\/linitiative.ca\/International\/wp-json\/wp\/v2\/posts\/119767","targetHints":{"allow":["GET"]}}],"collection":[{"href":"https:\/\/linitiative.ca\/International\/wp-json\/wp\/v2\/posts"}],"about":[{"href":"https:\/\/linitiative.ca\/International\/wp-json\/wp\/v2\/types\/post"}],"author":[{"embeddable":true,"href":"https:\/\/linitiative.ca\/International\/wp-json\/wp\/v2\/users\/1772"}],"replies":[{"embeddable":true,"href":"https:\/\/linitiative.ca\/International\/wp-json\/wp\/v2\/comments?post=119767"}],"version-history":[{"count":0,"href":"https:\/\/linitiative.ca\/International\/wp-json\/wp\/v2\/posts\/119767\/revisions"}],"wp:attachment":[{"href":"https:\/\/linitiative.ca\/International\/wp-json\/wp\/v2\/media?parent=119767"}],"wp:term":[{"taxonomy":"category","embeddable":true,"href":"https:\/\/linitiative.ca\/International\/wp-json\/wp\/v2\/categories?post=119767"},{"taxonomy":"post_tag","embeddable":true,"href":"https:\/\/linitiative.ca\/International\/wp-json\/wp\/v2\/tags?post=119767"}],"curies":[{"name":"wp","href":"https:\/\/api.w.org\/{rel}","templated":true}]}}