{"id":119769,"date":"2021-06-28T05:49:00","date_gmt":"2021-06-28T09:49:00","guid":{"rendered":"https:\/\/linitiative.ca\/International\/aziz-krichen-ahmed-mestiri-lhomme-qui-a-ose-dire-non-a-bourguiba-et-a-ben-ali-album-photos\/"},"modified":"2021-06-28T05:49:00","modified_gmt":"2021-06-28T09:49:00","slug":"aziz-krichen-ahmed-mestiri-lhomme-qui-a-ose-dire-non-a-bourguiba-et-a-ben-ali-album-photos","status":"publish","type":"post","link":"https:\/\/linitiative.ca\/International\/aziz-krichen-ahmed-mestiri-lhomme-qui-a-ose-dire-non-a-bourguiba-et-a-ben-ali-album-photos\/","title":{"rendered":"Aziz Krichen: Ahmed Mestiri, l\u2019homme qui a os\u00e9 dire non \u00e0 Bourguiba et \u00e0 Ben Ali (Album photos)"},"content":{"rendered":"<div><img decoding=\"async\" src=\"https:\/\/linitiative.ca\/International\/wp-content\/uploads\/sites\/23\/2021\/06\/1624879765_article.jpg\" alt=\"Ahmed Mestiri: L\u2019homme qui a os\u00e9 dire non \u00e0 Bourguiba et \u00e0 Ben Ali\" align=\"left\">Ce texte est la retranscription d\u2019une tribune publi\u00e9e en 1989 par l\u2019hebdomadaire Le Maghreb (n\u00b0 164, du 18 ao\u00fbt 1989), suite \u00e0 l\u2019annonce faite par Ahmed Mestiri de se retirer d\u00e9finitivement de la vie politique. Aziz Krichen y retrace, \u00e0 chaud, le portrait d\u2019un homme d\u2019exception. Son propos est \u00e9logieux, tout en \u00e9tant sans complaisance. R\u00e9dig\u00e9 alors que le pouvoir de Ben Ali \u00e9tait en pleine ascension, ce t\u00e9moignage constitue un document politique de premi\u00e8re importance, en ce qu\u2019il \u00e9claire un moment charni\u00e8re de notre histoire contemporaine.<br \/>\nJ&rsquo;ai rencontr\u00e9 Ahmed Mestiri pour la premi\u00e8re fois durant l\u2019automne 1967. Lui \u00e9tait ministre de la D\u00e9fense, moi soldat &#8230;<\/p>\n<\/div>\n<p>Auteur:<br \/>\n<a href=\"https:\/\/www.leaders.com.tn\/article\/32088-ahmed-mestiri-l-homme-qui-a-ose-dire-non-a-bourguiba-et-a-ben-ali\">Cliquez ici pour lire l&rsquo;article depuis sa source.<\/a><\/p>\n","protected":false},"excerpt":{"rendered":"<p>Ce texte est la retranscription d\u2019une tribune publi\u00e9e en 1989 par l\u2019hebdomadaire Le Maghreb (n\u00b0 164, du 18 ao\u00fbt 1989), suite \u00e0 l\u2019annonce faite par Ahmed Mestiri de se retirer d\u00e9finitivement de la vie politique. Aziz Krichen y retrace, \u00e0 chaud, le portrait d\u2019un homme d\u2019exception. Son propos est \u00e9logieux, tout en \u00e9tant sans complaisance. [&hellip;]<\/p>\n","protected":false},"author":1772,"featured_media":0,"comment_status":"closed","ping_status":"closed","sticky":false,"template":"","format":"standard","meta":{"fifu_image_url":"http:\/\/www.leaders.com.tn\/uploads\/content\/thumbnails_small\/1624879765_article.jpg","fifu_image_alt":"Aziz Krichen: Ahmed Mestiri, l\u2019homme qui a os\u00e9 dire non \u00e0 Bourguiba et \u00e0 Ben Ali (Album photos)","footnotes":""},"categories":[73,55],"tags":[],"class_list":["post-119769","post","type-post","status-publish","format-standard","hentry","category-actualite","category-tunisie"],"_links":{"self":[{"href":"https:\/\/linitiative.ca\/International\/wp-json\/wp\/v2\/posts\/119769","targetHints":{"allow":["GET"]}}],"collection":[{"href":"https:\/\/linitiative.ca\/International\/wp-json\/wp\/v2\/posts"}],"about":[{"href":"https:\/\/linitiative.ca\/International\/wp-json\/wp\/v2\/types\/post"}],"author":[{"embeddable":true,"href":"https:\/\/linitiative.ca\/International\/wp-json\/wp\/v2\/users\/1772"}],"replies":[{"embeddable":true,"href":"https:\/\/linitiative.ca\/International\/wp-json\/wp\/v2\/comments?post=119769"}],"version-history":[{"count":0,"href":"https:\/\/linitiative.ca\/International\/wp-json\/wp\/v2\/posts\/119769\/revisions"}],"wp:attachment":[{"href":"https:\/\/linitiative.ca\/International\/wp-json\/wp\/v2\/media?parent=119769"}],"wp:term":[{"taxonomy":"category","embeddable":true,"href":"https:\/\/linitiative.ca\/International\/wp-json\/wp\/v2\/categories?post=119769"},{"taxonomy":"post_tag","embeddable":true,"href":"https:\/\/linitiative.ca\/International\/wp-json\/wp\/v2\/tags?post=119769"}],"curies":[{"name":"wp","href":"https:\/\/api.w.org\/{rel}","templated":true}]}}