{"id":119778,"date":"2021-06-28T06:00:00","date_gmt":"2021-06-28T10:00:00","guid":{"rendered":"https:\/\/linitiative.ca\/International\/linterieur-met-le-paquet\/"},"modified":"2021-06-28T06:00:00","modified_gmt":"2021-06-28T10:00:00","slug":"linterieur-met-le-paquet","status":"publish","type":"post","link":"https:\/\/linitiative.ca\/International\/linterieur-met-le-paquet\/","title":{"rendered":"L\u2019int\u00e9rieur met le paquet"},"content":{"rendered":"<div>Le minist\u00e8re de l\u2019Int\u00e9rieur vient de fixer la composante de la commission nationale de pr\u00e9vention contre les bandes de quartiers. Ce nouvel organe est compos\u00e9 de repr\u00e9sentants de pas moins de treize minist\u00e8res, en<\/div>\n<p>Auteur:<br \/>\n<a href=\"https:\/\/www.lesoirdalgerie.com\/periscoop\/linterieur-met-le-paquet-63489\">Cliquez ici pour lire l&rsquo;article depuis sa source.<\/a><\/p>\n","protected":false},"excerpt":{"rendered":"<p>Le minist\u00e8re de l\u2019Int\u00e9rieur vient de fixer la composante de la commission nationale de pr\u00e9vention contre les bandes de quartiers. Ce nouvel organe est compos\u00e9 de repr\u00e9sentants de pas moins de treize minist\u00e8res, en Auteur: Cliquez ici pour lire l&rsquo;article depuis sa source.<\/p>\n","protected":false},"author":1741,"featured_media":0,"comment_status":"closed","ping_status":"closed","sticky":false,"template":"","format":"standard","meta":{"fifu_image_url":"","fifu_image_alt":"","footnotes":""},"categories":[73,53],"tags":[],"class_list":["post-119778","post","type-post","status-publish","format-standard","hentry","category-actualite","category-algerie"],"_links":{"self":[{"href":"https:\/\/linitiative.ca\/International\/wp-json\/wp\/v2\/posts\/119778","targetHints":{"allow":["GET"]}}],"collection":[{"href":"https:\/\/linitiative.ca\/International\/wp-json\/wp\/v2\/posts"}],"about":[{"href":"https:\/\/linitiative.ca\/International\/wp-json\/wp\/v2\/types\/post"}],"author":[{"embeddable":true,"href":"https:\/\/linitiative.ca\/International\/wp-json\/wp\/v2\/users\/1741"}],"replies":[{"embeddable":true,"href":"https:\/\/linitiative.ca\/International\/wp-json\/wp\/v2\/comments?post=119778"}],"version-history":[{"count":0,"href":"https:\/\/linitiative.ca\/International\/wp-json\/wp\/v2\/posts\/119778\/revisions"}],"wp:attachment":[{"href":"https:\/\/linitiative.ca\/International\/wp-json\/wp\/v2\/media?parent=119778"}],"wp:term":[{"taxonomy":"category","embeddable":true,"href":"https:\/\/linitiative.ca\/International\/wp-json\/wp\/v2\/categories?post=119778"},{"taxonomy":"post_tag","embeddable":true,"href":"https:\/\/linitiative.ca\/International\/wp-json\/wp\/v2\/tags?post=119778"}],"curies":[{"name":"wp","href":"https:\/\/api.w.org\/{rel}","templated":true}]}}