{"id":119779,"date":"2021-06-28T06:00:00","date_gmt":"2021-06-28T10:00:00","guid":{"rendered":"https:\/\/linitiative.ca\/International\/encore-une-reduction\/"},"modified":"2021-06-28T06:00:00","modified_gmt":"2021-06-28T10:00:00","slug":"encore-une-reduction","status":"publish","type":"post","link":"https:\/\/linitiative.ca\/International\/encore-une-reduction\/","title":{"rendered":"Encore une r\u00e9duction"},"content":{"rendered":"<div>Le personnel de la sant\u00e9 sera priv\u00e9, pour la seconde ann\u00e9e cons\u00e9cutive, de cong\u00e9s complets. Le minist\u00e8re de la Sant\u00e9 a, en effet, d\u00e9cid\u00e9 de r\u00e9duire les cong\u00e9s \u00e0 deux semaines uniquement. Une d\u00e9cision qui est<\/div>\n<p>Auteur:<br \/>\n<a href=\"https:\/\/www.lesoirdalgerie.com\/periscoop\/encore-une-reduction-63488\">Cliquez ici pour lire l&rsquo;article depuis sa source.<\/a><\/p>\n","protected":false},"excerpt":{"rendered":"<p>Le personnel de la sant\u00e9 sera priv\u00e9, pour la seconde ann\u00e9e cons\u00e9cutive, de cong\u00e9s complets. Le minist\u00e8re de la Sant\u00e9 a, en effet, d\u00e9cid\u00e9 de r\u00e9duire les cong\u00e9s \u00e0 deux semaines uniquement. Une d\u00e9cision qui est Auteur: Cliquez ici pour lire l&rsquo;article depuis sa source.<\/p>\n","protected":false},"author":1741,"featured_media":0,"comment_status":"closed","ping_status":"closed","sticky":false,"template":"","format":"standard","meta":{"fifu_image_url":"","fifu_image_alt":"","footnotes":""},"categories":[73,53],"tags":[],"class_list":["post-119779","post","type-post","status-publish","format-standard","hentry","category-actualite","category-algerie"],"_links":{"self":[{"href":"https:\/\/linitiative.ca\/International\/wp-json\/wp\/v2\/posts\/119779","targetHints":{"allow":["GET"]}}],"collection":[{"href":"https:\/\/linitiative.ca\/International\/wp-json\/wp\/v2\/posts"}],"about":[{"href":"https:\/\/linitiative.ca\/International\/wp-json\/wp\/v2\/types\/post"}],"author":[{"embeddable":true,"href":"https:\/\/linitiative.ca\/International\/wp-json\/wp\/v2\/users\/1741"}],"replies":[{"embeddable":true,"href":"https:\/\/linitiative.ca\/International\/wp-json\/wp\/v2\/comments?post=119779"}],"version-history":[{"count":0,"href":"https:\/\/linitiative.ca\/International\/wp-json\/wp\/v2\/posts\/119779\/revisions"}],"wp:attachment":[{"href":"https:\/\/linitiative.ca\/International\/wp-json\/wp\/v2\/media?parent=119779"}],"wp:term":[{"taxonomy":"category","embeddable":true,"href":"https:\/\/linitiative.ca\/International\/wp-json\/wp\/v2\/categories?post=119779"},{"taxonomy":"post_tag","embeddable":true,"href":"https:\/\/linitiative.ca\/International\/wp-json\/wp\/v2\/tags?post=119779"}],"curies":[{"name":"wp","href":"https:\/\/api.w.org\/{rel}","templated":true}]}}