{"id":119782,"date":"2021-06-28T10:55:08","date_gmt":"2021-06-28T14:55:08","guid":{"rendered":"https:\/\/linitiative.ca\/International\/espagne-plan-durgence-pour-eviter-letouffement-economique-de-sebta-et-melilla\/"},"modified":"2021-06-28T10:55:08","modified_gmt":"2021-06-28T14:55:08","slug":"espagne-plan-durgence-pour-eviter-letouffement-economique-de-sebta-et-melilla","status":"publish","type":"post","link":"https:\/\/linitiative.ca\/International\/espagne-plan-durgence-pour-eviter-letouffement-economique-de-sebta-et-melilla\/","title":{"rendered":"Espagne. Plan d\u2019urgence pour \u00e9viter l\u2019\u00e9touffement \u00e9conomique de Sebta et Melilla"},"content":{"rendered":"<div><img decoding=\"async\" width=\"664\" height=\"443\" src=\"https:\/\/linitiative.ca\/International\/wp-content\/uploads\/sites\/23\/2021\/06\/Pedro-Sanchez-president-du-gouvernement-espagnol-1.jpg\" class=\"attachment-post-thumbnail size-post-thumbnail wp-post-image\" alt=\"\" loading=\"lazy\" srcset=\"https:\/\/linitiative.ca\/International\/wp-content\/uploads\/sites\/23\/2021\/06\/Pedro-Sanchez-president-du-gouvernement-espagnol-1.jpg 664w, https:\/\/www.challenge.ma\/wp-content\/uploads\/2021\/06\/Pedro-Sanchez-president-du-gouvernement-espagnol-1-300x200.jpg 300w, https:\/\/www.challenge.ma\/wp-content\/uploads\/2021\/06\/Pedro-Sanchez-president-du-gouvernement-espagnol-1-360x240.jpg 360w\" sizes=\"auto, (max-width: 664px) 100vw, 664px\" itemprop=\"image\">Un rapport met en garde contre le risque de \u00ab\u00a0polarisation\u00a0\u00bb et de \u00ab\u00a0x\u00e9nophobie\u00a0\u00bb d\u00fb au changement d\u00e9mographique, rapporte elpais.com. L\u2019Espagne cessera d\u2019\u00eatre sur la d\u00e9fensive \u00e0 Sebta et Melilla, souligne elpais.com. L\u2019entr\u00e9e de quelque 10.000 personnes \u00e0 Ceuta en quelques jours \u00e0 la mi-mai dernier a provoqu\u00e9 une crise diplomatique<\/div>\n<p>Auteur: challenge<br \/>\n<a href=\"https:\/\/www.challenge.ma\/espagne-plan-durgence-pour-eviter-letouffement-economique-de-sebta-et-melilla-190339\/\">Cliquez ici pour lire l&rsquo;article depuis sa source.<\/a><\/p>\n","protected":false},"excerpt":{"rendered":"<p>Un rapport met en garde contre le risque de \u00ab\u00a0polarisation\u00a0\u00bb et de \u00ab\u00a0x\u00e9nophobie\u00a0\u00bb d\u00fb au changement d\u00e9mographique, rapporte elpais.com. L\u2019Espagne cessera d\u2019\u00eatre sur la d\u00e9fensive \u00e0 Sebta et Melilla, souligne elpais.com. L\u2019entr\u00e9e de quelque 10.000 personnes \u00e0 Ceuta en quelques jours \u00e0 la mi-mai dernier a provoqu\u00e9 une crise diplomatique Auteur: challenge Cliquez ici pour [&hellip;]<\/p>\n","protected":false},"author":1787,"featured_media":0,"comment_status":"closed","ping_status":"closed","sticky":false,"template":"","format":"standard","meta":{"fifu_image_url":"https:\/\/www.challenge.ma\/wp-content\/uploads\/2021\/06\/Pedro-Sanchez-president-du-gouvernement-espagnol-1.jpg","fifu_image_alt":"Espagne. Plan d\u2019urgence pour \u00e9viter l\u2019\u00e9touffement \u00e9conomique de Sebta et Melilla","footnotes":""},"categories":[78,54],"tags":[],"class_list":["post-119782","post","type-post","status-publish","format-standard","hentry","category-economie","category-maroc"],"_links":{"self":[{"href":"https:\/\/linitiative.ca\/International\/wp-json\/wp\/v2\/posts\/119782","targetHints":{"allow":["GET"]}}],"collection":[{"href":"https:\/\/linitiative.ca\/International\/wp-json\/wp\/v2\/posts"}],"about":[{"href":"https:\/\/linitiative.ca\/International\/wp-json\/wp\/v2\/types\/post"}],"author":[{"embeddable":true,"href":"https:\/\/linitiative.ca\/International\/wp-json\/wp\/v2\/users\/1787"}],"replies":[{"embeddable":true,"href":"https:\/\/linitiative.ca\/International\/wp-json\/wp\/v2\/comments?post=119782"}],"version-history":[{"count":0,"href":"https:\/\/linitiative.ca\/International\/wp-json\/wp\/v2\/posts\/119782\/revisions"}],"wp:attachment":[{"href":"https:\/\/linitiative.ca\/International\/wp-json\/wp\/v2\/media?parent=119782"}],"wp:term":[{"taxonomy":"category","embeddable":true,"href":"https:\/\/linitiative.ca\/International\/wp-json\/wp\/v2\/categories?post=119782"},{"taxonomy":"post_tag","embeddable":true,"href":"https:\/\/linitiative.ca\/International\/wp-json\/wp\/v2\/tags?post=119782"}],"curies":[{"name":"wp","href":"https:\/\/api.w.org\/{rel}","templated":true}]}}