{"id":119786,"date":"2021-06-28T14:05:46","date_gmt":"2021-06-28T18:05:46","guid":{"rendered":"https:\/\/linitiative.ca\/International\/la-reforme-fiscale-et-plusieurs-nominations-au-coeur-dun-conseil-des-ministres-preside-par-s-m-le-roi\/"},"modified":"2021-06-28T14:05:46","modified_gmt":"2021-06-28T18:05:46","slug":"la-reforme-fiscale-et-plusieurs-nominations-au-coeur-dun-conseil-des-ministres-preside-par-s-m-le-roi","status":"publish","type":"post","link":"https:\/\/linitiative.ca\/International\/la-reforme-fiscale-et-plusieurs-nominations-au-coeur-dun-conseil-des-ministres-preside-par-s-m-le-roi\/","title":{"rendered":"La r\u00e9forme fiscale et plusieurs nominations au c\u0153ur d\u2019un Conseil des ministres pr\u00e9sid\u00e9 par S.M. le Roi"},"content":{"rendered":"<div><img decoding=\"async\" width=\"780\" height=\"468\" src=\"https:\/\/linitiative.ca\/International\/wp-content\/uploads\/sites\/23\/2021\/06\/S.M.-le-Roi-Mohammed-VI.jpg\" class=\"attachment-post-thumbnail size-post-thumbnail wp-post-image\" alt=\"\" loading=\"lazy\" srcset=\"https:\/\/linitiative.ca\/International\/wp-content\/uploads\/sites\/23\/2021\/06\/S.M.-le-Roi-Mohammed-VI.jpg 780w, https:\/\/www.challenge.ma\/wp-content\/uploads\/2020\/12\/S.M.-le-Roi-Mohammed-VI-300x180.jpg 300w, https:\/\/www.challenge.ma\/wp-content\/uploads\/2020\/12\/S.M.-le-Roi-Mohammed-VI-768x461.jpg 768w, https:\/\/www.challenge.ma\/wp-content\/uploads\/2020\/12\/S.M.-le-Roi-Mohammed-VI-360x216.jpg 360w, https:\/\/www.challenge.ma\/wp-content\/uploads\/2020\/12\/S.M.-le-Roi-Mohammed-VI-750x450.jpg 750w\" sizes=\"auto, (max-width: 780px) 100vw, 780px\" itemprop=\"image\">S.M. le Roi Mohammed VI a pr\u00e9sid\u00e9, le 28 juin 2021, au Palais Royal \u00e0 F\u00e8s, un Conseil des ministres, consacr\u00e9 \u00e0 l\u2019adoption de deux projets de loi-cadre, d\u2019un projet de loi et de plusieurs projets de d\u00e9crets et conventions internationales. Les d\u00e9tails. Voici l\u2019int\u00e9gralit\u00e9 du communiqu\u00e9 du Palais royal\u00a0:Au<\/div>\n<p>Auteur: challenge<br \/>\n<a href=\"https:\/\/www.challenge.ma\/la-reforme-fiscale-et-plusieurs-nominations-au-coeur-dun-conseil-des-ministres-preside-par-s-m-le-roi-190378\/\">Cliquez ici pour lire l&rsquo;article depuis sa source.<\/a><\/p>\n","protected":false},"excerpt":{"rendered":"<p>S.M. le Roi Mohammed VI a pr\u00e9sid\u00e9, le 28 juin 2021, au Palais Royal \u00e0 F\u00e8s, un Conseil des ministres, consacr\u00e9 \u00e0 l\u2019adoption de deux projets de loi-cadre, d\u2019un projet de loi et de plusieurs projets de d\u00e9crets et conventions internationales. Les d\u00e9tails. Voici l\u2019int\u00e9gralit\u00e9 du communiqu\u00e9 du Palais royal\u00a0:Au Auteur: challenge Cliquez ici pour [&hellip;]<\/p>\n","protected":false},"author":1787,"featured_media":0,"comment_status":"closed","ping_status":"closed","sticky":false,"template":"","format":"standard","meta":{"fifu_image_url":"https:\/\/www.challenge.ma\/wp-content\/uploads\/2020\/12\/S.M.-le-Roi-Mohammed-VI.jpg","fifu_image_alt":"La r\u00e9forme fiscale et plusieurs nominations au c\u0153ur d\u2019un Conseil des ministres pr\u00e9sid\u00e9 par S.M. le Roi","footnotes":""},"categories":[78,54],"tags":[],"class_list":["post-119786","post","type-post","status-publish","format-standard","hentry","category-economie","category-maroc"],"_links":{"self":[{"href":"https:\/\/linitiative.ca\/International\/wp-json\/wp\/v2\/posts\/119786","targetHints":{"allow":["GET"]}}],"collection":[{"href":"https:\/\/linitiative.ca\/International\/wp-json\/wp\/v2\/posts"}],"about":[{"href":"https:\/\/linitiative.ca\/International\/wp-json\/wp\/v2\/types\/post"}],"author":[{"embeddable":true,"href":"https:\/\/linitiative.ca\/International\/wp-json\/wp\/v2\/users\/1787"}],"replies":[{"embeddable":true,"href":"https:\/\/linitiative.ca\/International\/wp-json\/wp\/v2\/comments?post=119786"}],"version-history":[{"count":0,"href":"https:\/\/linitiative.ca\/International\/wp-json\/wp\/v2\/posts\/119786\/revisions"}],"wp:attachment":[{"href":"https:\/\/linitiative.ca\/International\/wp-json\/wp\/v2\/media?parent=119786"}],"wp:term":[{"taxonomy":"category","embeddable":true,"href":"https:\/\/linitiative.ca\/International\/wp-json\/wp\/v2\/categories?post=119786"},{"taxonomy":"post_tag","embeddable":true,"href":"https:\/\/linitiative.ca\/International\/wp-json\/wp\/v2\/tags?post=119786"}],"curies":[{"name":"wp","href":"https:\/\/api.w.org\/{rel}","templated":true}]}}