{"id":119788,"date":"2021-06-28T17:19:40","date_gmt":"2021-06-28T21:19:40","guid":{"rendered":"https:\/\/linitiative.ca\/International\/youssef-el-bari-nouveau-directeur-general-de-lagence-marocaine-de-developpement-des-investissements-et-des-exportations\/"},"modified":"2021-06-28T17:19:40","modified_gmt":"2021-06-28T21:19:40","slug":"youssef-el-bari-nouveau-directeur-general-de-lagence-marocaine-de-developpement-des-investissements-et-des-exportations","status":"publish","type":"post","link":"https:\/\/linitiative.ca\/International\/youssef-el-bari-nouveau-directeur-general-de-lagence-marocaine-de-developpement-des-investissements-et-des-exportations\/","title":{"rendered":"Youssef El Bari, nouveau Directeur g\u00e9n\u00e9ral de l\u2019Agence marocaine de d\u00e9veloppement des investissements et des exportations"},"content":{"rendered":"<div><img decoding=\"async\" width=\"601\" height=\"544\" src=\"https:\/\/linitiative.ca\/International\/wp-content\/uploads\/sites\/23\/2021\/06\/sg-cgi-fes-11.png\" class=\"attachment-post-thumbnail size-post-thumbnail wp-post-image\" alt=\"\" loading=\"lazy\" srcset=\"https:\/\/linitiative.ca\/International\/wp-content\/uploads\/sites\/23\/2021\/06\/sg-cgi-fes-11.png 601w, https:\/\/www.challenge.ma\/wp-content\/uploads\/2021\/06\/sg-cgi-fes-11-300x272.png 300w, https:\/\/www.challenge.ma\/wp-content\/uploads\/2021\/06\/sg-cgi-fes-11-360x326.png 360w\" sizes=\"auto, (max-width: 601px) 100vw, 601px\" itemprop=\"image\">Il est le nouveau Directeur g\u00e9n\u00e9ral de l\u2019Agence marocaine de d\u00e9veloppement des investissements et des exportations(AMDIE). Youssef El Bari succ\u00e8de ainsi \u00e0 Hicham Boudraa, qui a occup\u00e9 la fonction de DG par int\u00e9rim de cette agence jusqu\u2019\u00e0 sa nomination. Youssef El Bari est le nouveau Directeur g\u00e9n\u00e9ral de l\u2019Agence marocaine<\/div>\n<p>Auteur: challenge<br \/>\n<a href=\"https:\/\/www.challenge.ma\/youssef-el-bari-nouveau-directeur-general-de-lagence-marocaine-de-developpement-des-investissements-et-des-exportations-190391\/\">Cliquez ici pour lire l&rsquo;article depuis sa source.<\/a><\/p>\n","protected":false},"excerpt":{"rendered":"<p>Il est le nouveau Directeur g\u00e9n\u00e9ral de l\u2019Agence marocaine de d\u00e9veloppement des investissements et des exportations(AMDIE). Youssef El Bari succ\u00e8de ainsi \u00e0 Hicham Boudraa, qui a occup\u00e9 la fonction de DG par int\u00e9rim de cette agence jusqu\u2019\u00e0 sa nomination. Youssef El Bari est le nouveau Directeur g\u00e9n\u00e9ral de l\u2019Agence marocaine Auteur: challenge Cliquez ici pour [&hellip;]<\/p>\n","protected":false},"author":1787,"featured_media":0,"comment_status":"closed","ping_status":"closed","sticky":false,"template":"","format":"standard","meta":{"fifu_image_url":"https:\/\/www.challenge.ma\/wp-content\/uploads\/2021\/06\/sg-cgi-fes-11.png","fifu_image_alt":"Youssef El Bari, nouveau Directeur g\u00e9n\u00e9ral de l\u2019Agence marocaine de d\u00e9veloppement des investissements et des exportations","footnotes":""},"categories":[78,54],"tags":[],"class_list":["post-119788","post","type-post","status-publish","format-standard","hentry","category-economie","category-maroc"],"_links":{"self":[{"href":"https:\/\/linitiative.ca\/International\/wp-json\/wp\/v2\/posts\/119788","targetHints":{"allow":["GET"]}}],"collection":[{"href":"https:\/\/linitiative.ca\/International\/wp-json\/wp\/v2\/posts"}],"about":[{"href":"https:\/\/linitiative.ca\/International\/wp-json\/wp\/v2\/types\/post"}],"author":[{"embeddable":true,"href":"https:\/\/linitiative.ca\/International\/wp-json\/wp\/v2\/users\/1787"}],"replies":[{"embeddable":true,"href":"https:\/\/linitiative.ca\/International\/wp-json\/wp\/v2\/comments?post=119788"}],"version-history":[{"count":0,"href":"https:\/\/linitiative.ca\/International\/wp-json\/wp\/v2\/posts\/119788\/revisions"}],"wp:attachment":[{"href":"https:\/\/linitiative.ca\/International\/wp-json\/wp\/v2\/media?parent=119788"}],"wp:term":[{"taxonomy":"category","embeddable":true,"href":"https:\/\/linitiative.ca\/International\/wp-json\/wp\/v2\/categories?post=119788"},{"taxonomy":"post_tag","embeddable":true,"href":"https:\/\/linitiative.ca\/International\/wp-json\/wp\/v2\/tags?post=119788"}],"curies":[{"name":"wp","href":"https:\/\/api.w.org\/{rel}","templated":true}]}}