{"id":119790,"date":"2021-06-28T16:45:57","date_gmt":"2021-06-28T20:45:57","guid":{"rendered":"https:\/\/linitiative.ca\/International\/tunisie-gestion-de-la-crise-du-covid-fallait-il-donner-pleine-latitude-aux-gouverneurs\/"},"modified":"2021-06-28T16:45:57","modified_gmt":"2021-06-28T20:45:57","slug":"tunisie-gestion-de-la-crise-du-covid-fallait-il-donner-pleine-latitude-aux-gouverneurs","status":"publish","type":"post","link":"https:\/\/linitiative.ca\/International\/tunisie-gestion-de-la-crise-du-covid-fallait-il-donner-pleine-latitude-aux-gouverneurs\/","title":{"rendered":"Tunisie \u2013 Gestion de la crise du covid\u00a0: Fallait-il donner pleine latitude aux gouverneurs\u00a0?"},"content":{"rendered":"<div>\n<p>La crise est plan\u00e9taire, la pand\u00e9mie est mondiale, le plan de riposte et la strat\u00e9gie de lutte est nationale\u2026 On voit, vraiment, mal comment la gestion de la crise dans les r\u00e9gions pourrait \u00eatre d\u00e9cid\u00e9e \u00e0 une \u00e9chelle r\u00e9gionale. De laisser aux gouverneurs la pleine latitude de prendre les d\u00e9cisions pour tenter de circonscrire l\u2019\u00e9pid\u00e9mie, [\u2026]<\/p>\n<p>L\u2019article <a href=\"https:\/\/www.tunisienumerique.com\/tunisie-gestion-de-la-crise-du-covid-fallait-il-donner-pleine-latitude-aux-gouverneurs\/\">Tunisie \u2013 Gestion de la crise du covid\u00a0: Fallait-il donner pleine latitude aux gouverneurs\u00a0?<\/a> est apparu en premier sur <a href=\"https:\/\/www.tunisienumerique.com\/\">Tunisie<\/a>.<\/p>\n<\/div>\n<p>Auteur: Ramsis<br \/>\n<a href=\"https:\/\/www.tunisienumerique.com\/tunisie-gestion-de-la-crise-du-covid-fallait-il-donner-pleine-latitude-aux-gouverneurs\/\">Cliquez ici pour lire l&rsquo;article depuis sa source.<\/a><\/p>\n","protected":false},"excerpt":{"rendered":"<p>La crise est plan\u00e9taire, la pand\u00e9mie est mondiale, le plan de riposte et la strat\u00e9gie de lutte est nationale\u2026 On voit, vraiment, mal comment la gestion de la crise dans les r\u00e9gions pourrait \u00eatre d\u00e9cid\u00e9e \u00e0 une \u00e9chelle r\u00e9gionale. De laisser aux gouverneurs la pleine latitude de prendre les d\u00e9cisions pour tenter de circonscrire l\u2019\u00e9pid\u00e9mie, [&hellip;]<\/p>\n","protected":false},"author":1789,"featured_media":0,"comment_status":"closed","ping_status":"closed","sticky":false,"template":"","format":"standard","meta":{"fifu_image_url":"","fifu_image_alt":"","footnotes":""},"categories":[73,55],"tags":[],"class_list":["post-119790","post","type-post","status-publish","format-standard","hentry","category-actualite","category-tunisie"],"_links":{"self":[{"href":"https:\/\/linitiative.ca\/International\/wp-json\/wp\/v2\/posts\/119790","targetHints":{"allow":["GET"]}}],"collection":[{"href":"https:\/\/linitiative.ca\/International\/wp-json\/wp\/v2\/posts"}],"about":[{"href":"https:\/\/linitiative.ca\/International\/wp-json\/wp\/v2\/types\/post"}],"author":[{"embeddable":true,"href":"https:\/\/linitiative.ca\/International\/wp-json\/wp\/v2\/users\/1789"}],"replies":[{"embeddable":true,"href":"https:\/\/linitiative.ca\/International\/wp-json\/wp\/v2\/comments?post=119790"}],"version-history":[{"count":0,"href":"https:\/\/linitiative.ca\/International\/wp-json\/wp\/v2\/posts\/119790\/revisions"}],"wp:attachment":[{"href":"https:\/\/linitiative.ca\/International\/wp-json\/wp\/v2\/media?parent=119790"}],"wp:term":[{"taxonomy":"category","embeddable":true,"href":"https:\/\/linitiative.ca\/International\/wp-json\/wp\/v2\/categories?post=119790"},{"taxonomy":"post_tag","embeddable":true,"href":"https:\/\/linitiative.ca\/International\/wp-json\/wp\/v2\/tags?post=119790"}],"curies":[{"name":"wp","href":"https:\/\/api.w.org\/{rel}","templated":true}]}}