{"id":119795,"date":"2021-06-28T15:46:16","date_gmt":"2021-06-28T19:46:16","guid":{"rendered":"https:\/\/linitiative.ca\/International\/sortie-de-deby-fils-sur-une-possible-candidature-a-la-presidentielle\/"},"modified":"2021-06-28T15:46:16","modified_gmt":"2021-06-28T19:46:16","slug":"sortie-de-deby-fils-sur-une-possible-candidature-a-la-presidentielle","status":"publish","type":"post","link":"https:\/\/linitiative.ca\/International\/sortie-de-deby-fils-sur-une-possible-candidature-a-la-presidentielle\/","title":{"rendered":"SORTIE DE DEBY FILS SUR UNE POSSIBLE CANDIDATURE A LA PRESIDENTIELLE  \u00a0"},"content":{"rendered":"<div>\n<p><img decoding=\"async\" width=\"770\" height=\"514\" src=\"https:\/\/linitiative.ca\/International\/wp-content\/uploads\/sites\/23\/2021\/06\/DEBY.jpg\" class=\"attachment- size- wp-post-image\" alt=\"\" loading=\"lazy\" style=\"float:left; margin:0 15px 15px 0;\" srcset=\"https:\/\/linitiative.ca\/International\/wp-content\/uploads\/sites\/23\/2021\/06\/DEBY.jpg 770w, https:\/\/lepays.bf\/wp-content\/uploads\/2021\/06\/DEBY-300x200.jpg 300w, https:\/\/lepays.bf\/wp-content\/uploads\/2021\/06\/DEBY-768x513.jpg 768w\" sizes=\"auto, (max-width: 770px) 100vw, 770px\">\u00c7a y est, il a pris go\u00fbt au pouvoir\u00a0! Le pr\u00e9sident tchadien de la Transition, Idriss Mahamat Deby, puisque c\u2019est de lui qu\u2019il s\u2019agit, n\u2019exclut pas non seulement de prolonger son mandat \u00e0 la t\u00eate de l\u2019Etat, mais aussi laisse planer le doute sur la possibilit\u00e9 \u00a0\u00a0de se pr\u00e9senter \u00e0 la prochaine pr\u00e9sidentielle. \u00ab\u00a0En tant \u2026<\/p>\n<p>L\u2019article <a rel=\"nofollow\" href=\"https:\/\/lepays.bf\/sortie-de-deby-fils-sur-une-possible-candidature-a-la-presidentielle\/\">SORTIE DE DEBY FILS SUR UNE POSSIBLE CANDIDATURE A LA PRESIDENTIELLE  \u00a0<\/a> est apparu en premier sur <a rel=\"nofollow\" href=\"https:\/\/lepays.bf\/\">Editions Le Pays<\/a>.<\/p>\n<\/div>\n<p>Auteur: Editions LEPAYS<br \/>\n<a href=\"https:\/\/lepays.bf\/sortie-de-deby-fils-sur-une-possible-candidature-a-la-presidentielle\/\">Cliquez ici pour lire l&rsquo;article depuis sa source.<\/a><\/p>\n","protected":false},"excerpt":{"rendered":"<p>\u00c7a y est, il a pris go\u00fbt au pouvoir\u00a0! Le pr\u00e9sident tchadien de la Transition, Idriss Mahamat Deby, puisque c\u2019est de lui qu\u2019il s\u2019agit, n\u2019exclut pas non seulement de prolonger son mandat \u00e0 la t\u00eate de l\u2019Etat, mais aussi laisse planer le doute sur la possibilit\u00e9 \u00a0\u00a0de se pr\u00e9senter \u00e0 la prochaine pr\u00e9sidentielle. \u00ab\u00a0En tant [&hellip;]<\/p>\n","protected":false},"author":1813,"featured_media":0,"comment_status":"closed","ping_status":"closed","sticky":false,"template":"","format":"standard","meta":{"fifu_image_url":"https:\/\/lepays.bf\/wp-content\/uploads\/2021\/06\/DEBY.jpg","fifu_image_alt":"SORTIE DE DEBY FILS SUR UNE POSSIBLE CANDIDATURE A LA PRESIDENTIELLE  \u00a0","footnotes":""},"categories":[73,81],"tags":[],"class_list":["post-119795","post","type-post","status-publish","format-standard","hentry","category-actualite","category-burkina-faso"],"_links":{"self":[{"href":"https:\/\/linitiative.ca\/International\/wp-json\/wp\/v2\/posts\/119795","targetHints":{"allow":["GET"]}}],"collection":[{"href":"https:\/\/linitiative.ca\/International\/wp-json\/wp\/v2\/posts"}],"about":[{"href":"https:\/\/linitiative.ca\/International\/wp-json\/wp\/v2\/types\/post"}],"author":[{"embeddable":true,"href":"https:\/\/linitiative.ca\/International\/wp-json\/wp\/v2\/users\/1813"}],"replies":[{"embeddable":true,"href":"https:\/\/linitiative.ca\/International\/wp-json\/wp\/v2\/comments?post=119795"}],"version-history":[{"count":0,"href":"https:\/\/linitiative.ca\/International\/wp-json\/wp\/v2\/posts\/119795\/revisions"}],"wp:attachment":[{"href":"https:\/\/linitiative.ca\/International\/wp-json\/wp\/v2\/media?parent=119795"}],"wp:term":[{"taxonomy":"category","embeddable":true,"href":"https:\/\/linitiative.ca\/International\/wp-json\/wp\/v2\/categories?post=119795"},{"taxonomy":"post_tag","embeddable":true,"href":"https:\/\/linitiative.ca\/International\/wp-json\/wp\/v2\/tags?post=119795"}],"curies":[{"name":"wp","href":"https:\/\/api.w.org\/{rel}","templated":true}]}}