{"id":119799,"date":"2021-06-28T16:41:10","date_gmt":"2021-06-28T20:41:10","guid":{"rendered":"https:\/\/linitiative.ca\/International\/strategie-nationale-redd-levaluation-environnementale-et-sociale-lancee\/"},"modified":"2021-06-28T16:41:10","modified_gmt":"2021-06-28T20:41:10","slug":"strategie-nationale-redd-levaluation-environnementale-et-sociale-lancee","status":"publish","type":"post","link":"https:\/\/linitiative.ca\/International\/strategie-nationale-redd-levaluation-environnementale-et-sociale-lancee\/","title":{"rendered":"Strat\u00e9gie nationale REDD+ : L\u2019\u00e9valuation environnementale  et sociale lanc\u00e9e"},"content":{"rendered":"<div>\n<p><strong>Le Programme d\u2019investissement forestier (PIF) et le Secr\u00e9tariat technique national REDD+ (STN\/REDD+) organisent un atelier de lancement de l\u2019Evaluation environnementale et sociale strat\u00e9gique (EESS) de la Strat\u00e9gie nationale REDD+ (SN-RDD+), les 28 et 29 juin 2021, \u00e0 Ouagadougou.<\/strong><\/p>\n<p>Le Burkina Faso est dans une dynamique de freiner l\u2019acc\u00e9l\u00e9ration de la perte de sa couverture foresti\u00e8re \u00e0 travers la R\u00e9duction des \u00e9missions dues \u00e0 la d\u00e9forestation et \u00e0 la d\u00e9gradation des for\u00eats (REDD+). En effet le Programme d\u2019investissement forestier (PIF) et le Secr\u00e9tariat technique national REDD+ (STN\/REDD+) organisent un atelier de lancement de l\u2019Evaluation environnementale et sociale strat\u00e9gique (EESS) de la Strat\u00e9gie nationale REDD+ (SN-REDD+), les 28 et 29 juin 2021, \u00e0 Ouagadougou. Selon les organisateurs de la rencontre, les participants vont, entre autres, faire connaissance de l\u2019\u00e9quipe de consultants charg\u00e9e de la r\u00e9alisation de l\u2019EESS, et faire des recommandations sur le rapport de d\u00e9marrage. Pour le point focal national REDD+, Mamadou Bati\u00e9n\u00e9, cet atelier vise \u00e0 d\u00e9voiler officiellement les activit\u00e9s de l\u2019EESS de la SN-REDD+ et des autres \u00e9tudes connexes. Il s\u2019agit, a-t-il indiqu\u00e9, de l\u2019inclusion d\u2019un Cadre de gestion environnementale et sociale (CGES), d\u2019un Syst\u00e8me d\u2019information sur les sauvegardes (SIS), du m\u00e9canisme de gestion des conflits et les directives pour le m\u00e9canisme de partage de b\u00e9n\u00e9fices du processus REDD+ au Burkina Faso.<\/p>\n<p>\u00ab L\u2019\u00e9valuation environnementale et sociale strat\u00e9gique de la Strat\u00e9gie nationale REDD+ consiste \u00e0 identifier les potentiels impacts n\u00e9gatifs de la mise en \u0153uvre de la Strat\u00e9gie nationale REDD+. Car la REDD+ elle-m\u00eame est une politique de d\u00e9veloppement qui vient, en r\u00e9alit\u00e9, am\u00e9liorer les conditions de vie des populations \u00bb, a-t-il confi\u00e9. Mais, a d\u00e9plor\u00e9 le point focal national REDD+, dans l\u2019ex\u00e9cution de la SN-REDD+, il peut y avoir des risques environnementaux et sociaux. D\u2019o\u00f9, \u00e0 son avis, la n\u00e9cessit\u00e9 de l\u2019\u00e9valuation environnementale et sociale pour impacter positivement les conditions de vie des populations riveraines des for\u00eats dans lesquelles va intervenir le processus REDD+.<\/p>\n<h3>Elaborer des m\u00e9canismes de gestion des plaintes\u2026<\/h3>\n<p>Concernant le Burkina Faso, dans le cadre de l\u2019Evaluation environnementale et sociale, a expliqu\u00e9 Mamadou Bati\u00e9n\u00e9, les m\u00e9canismes de gestion des plaintes, des recours et de partage des b\u00e9n\u00e9fices exig\u00e9s dans la conduite de la REDD+ vont \u00eatre \u00e9labor\u00e9s. \u00ab Au bout de cette \u00e9tude \u00e9galement, nous allons pouvoir, au besoin, r\u00e9viser les options strat\u00e9giques propos\u00e9es si l\u2019\u00e9valuation r\u00e9v\u00e8le des risques potentiels. A la version finale, nous allons pr\u00e9senter ces options conform\u00e9ment \u00e0 notre vision et ambition \u00bb, a-t-il laiss\u00e9 entendre. Il a rappel\u00e9 que le Burkina Faso est le seul pays sah\u00e9lien \u00e0 adopter le processus REDD+ parce qu\u2019il est destin\u00e9 \u00e0 l\u2019origine, aux pays forestiers. M. Bati\u00e9n\u00e9 a aussi soutenu que dans le contexte de lutte contre le changement climatique, les for\u00eats participent \u00e0 la s\u00e9questration du gaz carbonique (CO2) pr\u00e9sent dans l\u2019atmosph\u00e8re et aux \u00e9missions de Gaz \u00e0 effet de serre (GES) quand elles sont d\u00e9truites.<\/p>\n<p>Le repr\u00e9sentant du ministre de l\u2019Environnement, de l\u2019Economie verte et du Changement climatique, son directeur de cabinet, Thomas Yampa, a traduit l\u2019urgence de r\u00e9ussir l\u2019application de la SN-REDD+. Il a rapport\u00e9 que l\u2019organisation de ce conclave est un imp\u00e9ratif pour permettre aux parties prenantes de valider les livrables \u00e0 eux soumis. Le directeur de cabinet du ministre en charge de l\u2019environnement a salu\u00e9 les acteurs engag\u00e9s dans la lutte contre le changement climatique, notamment la Banque mondiale (BM), un appui financier important au processus REDD+. Le Burkina Faso s\u2019est inscrit dans le processus REDD+ depuis 2010.<\/p>\n<p style=\"text-align: right\"><strong>Boukary BONKOUNGOU<\/strong><\/p>\n<p>L\u2019article <a rel=\"nofollow\" href=\"https:\/\/www.sidwaya.info\/blog\/2021\/06\/28\/strategie-nationale-redd-levaluation-environnementale-et-sociale-lancee\/\">Strat\u00e9gie nationale REDD+ : L\u2019\u00e9valuation environnementale  et sociale lanc\u00e9e<\/a> est apparu en premier sur <a rel=\"nofollow\" href=\"https:\/\/www.sidwaya.info\/\">Quotidien Sidwaya<\/a>.<\/p>\n<\/div>\n<p>Auteur: JK. Sidwaya<br \/>\n<a href=\"https:\/\/www.sidwaya.info\/blog\/2021\/06\/28\/strategie-nationale-redd-levaluation-environnementale-et-sociale-lancee\/\">Cliquez ici pour lire l&rsquo;article depuis sa source.<\/a><\/p>\n","protected":false},"excerpt":{"rendered":"<p>Le Programme d\u2019investissement forestier (PIF) et le Secr\u00e9tariat technique national REDD+ (STN\/REDD+) organisent un atelier de lancement de l\u2019Evaluation environnementale et sociale strat\u00e9gique (EESS) de la Strat\u00e9gie nationale REDD+ (SN-RDD+), les 28 et 29 juin 2021, \u00e0 Ouagadougou. Le Burkina Faso est dans une dynamique de freiner l\u2019acc\u00e9l\u00e9ration de la perte de sa couverture foresti\u00e8re [&hellip;]<\/p>\n","protected":false},"author":1816,"featured_media":0,"comment_status":"closed","ping_status":"closed","sticky":false,"template":"","format":"standard","meta":{"fifu_image_url":"","fifu_image_alt":"","footnotes":""},"categories":[73,81],"tags":[],"class_list":["post-119799","post","type-post","status-publish","format-standard","hentry","category-actualite","category-burkina-faso"],"_links":{"self":[{"href":"https:\/\/linitiative.ca\/International\/wp-json\/wp\/v2\/posts\/119799","targetHints":{"allow":["GET"]}}],"collection":[{"href":"https:\/\/linitiative.ca\/International\/wp-json\/wp\/v2\/posts"}],"about":[{"href":"https:\/\/linitiative.ca\/International\/wp-json\/wp\/v2\/types\/post"}],"author":[{"embeddable":true,"href":"https:\/\/linitiative.ca\/International\/wp-json\/wp\/v2\/users\/1816"}],"replies":[{"embeddable":true,"href":"https:\/\/linitiative.ca\/International\/wp-json\/wp\/v2\/comments?post=119799"}],"version-history":[{"count":0,"href":"https:\/\/linitiative.ca\/International\/wp-json\/wp\/v2\/posts\/119799\/revisions"}],"wp:attachment":[{"href":"https:\/\/linitiative.ca\/International\/wp-json\/wp\/v2\/media?parent=119799"}],"wp:term":[{"taxonomy":"category","embeddable":true,"href":"https:\/\/linitiative.ca\/International\/wp-json\/wp\/v2\/categories?post=119799"},{"taxonomy":"post_tag","embeddable":true,"href":"https:\/\/linitiative.ca\/International\/wp-json\/wp\/v2\/tags?post=119799"}],"curies":[{"name":"wp","href":"https:\/\/api.w.org\/{rel}","templated":true}]}}