{"id":119805,"date":"2021-06-28T12:55:58","date_gmt":"2021-06-28T16:55:58","guid":{"rendered":"https:\/\/linitiative.ca\/International\/cameroun-obseques-officielles-pour-lancien-pm-simon-achidi-achu\/"},"modified":"2021-06-28T12:55:58","modified_gmt":"2021-06-28T16:55:58","slug":"cameroun-obseques-officielles-pour-lancien-pm-simon-achidi-achu","status":"publish","type":"post","link":"https:\/\/linitiative.ca\/International\/cameroun-obseques-officielles-pour-lancien-pm-simon-achidi-achu\/","title":{"rendered":"Cameroun : obs\u00e8ques officielles pour l\u2019ancien PM Simon Achidi Achu"},"content":{"rendered":"<div>\n<p><img loading=\"lazy\" decoding=\"async\" width=\"727\" height=\"405\" src=\"https:\/\/linitiative.ca\/International\/wp-content\/uploads\/sites\/23\/2021\/06\/Simon-Achidi-Achu.jpg\" class=\"attachment-post-thumbnail size-post-thumbnail wp-post-image\" alt=\"\" srcset=\"https:\/\/linitiative.ca\/International\/wp-content\/uploads\/sites\/23\/2021\/06\/Simon-Achidi-Achu.jpg 727w, https:\/\/www.journalducameroun.com\/wp-content\/uploads\/2021\/05\/Simon-Achidi-Achu-300x167.jpg 300w, https:\/\/www.journalducameroun.com\/wp-content\/uploads\/2021\/05\/Simon-Achidi-Achu-160x90.jpg 160w, https:\/\/www.journalducameroun.com\/wp-content\/uploads\/2021\/05\/Simon-Achidi-Achu-240x135.jpg 240w, https:\/\/www.journalducameroun.com\/wp-content\/uploads\/2021\/05\/Simon-Achidi-Achu-600x334.jpg 600w\" sizes=\"auto, (max-width: 727px) 100vw, 727px\"><\/p>\n<h5 style=\"text-align: justify;\">Ainsi en a d\u00e9cid\u00e9 le pr\u00e9sident de la R\u00e9publique \u00e0 travers un d\u00e9cret sign\u00e9 ce 28 juin 2021.<\/h5>\n<p style=\"text-align: justify;\">\n<p style=\"text-align: justify;\">La d\u00e9pouille de l\u2019ancien Premier ministre va fouler le sol camerounais ce 28 juin 2021. D\u00e9c\u00e9d\u00e9 aux Etats-Unis le 4 mai, le pr\u00e9sident de la R\u00e9publique a d\u00e9cid\u00e9 ce jour de lui accorder des obs\u00e8ques officielles.<\/p>\n<p style=\"text-align: justify;\">On le savait affaibli par la maladie, mais l\u2019on ne pouvait imaginer le pire.\u00a0<strong>Simon Achidi Achu<\/strong>\u00a0\u00a0est mort de suite de longue maladie. On retiendra de cet homme politique, une phrase qui est rest\u00e9e c\u00e9l\u00e8bre\u00a0: \u00ab\u00a0<em>politics na njangi\u00a0<\/em>\u00bb, qui signifie\u00a0\u00a0\u00ab<em>\u00a0la politique est une tontine\u00a0<\/em>\u00bb.<strong>\u00a0<\/strong>Sur le strict plan politique, la derni\u00e8re tontine qu\u2019il a \u00ab\u00a0bouff\u00e9\u00a0\u00bb, c\u2019\u00e9tait le poste de Pr\u00e9sident du Conseil d\u2019administration de la Soci\u00e9t\u00e9 nationale d\u2019investissement (SNI), jusqu\u2019au 17 novembre 2020. Un poste que ce membre du bureau politique du <strong>RDPC<\/strong> a occup\u00e9 pendant 32 ans.<\/p>\n<p style=\"text-align: justify;\">Le natif de Bamenda le 5 novembre 1934, fut le\u00a0tout premier anglophone \u00e0 occuper dans l&rsquo;histoire du Cameroun unifi\u00e9. Il y restera jusqu\u2019au 19 septembre 1996.\u00a0Il sera inhum\u00e9 samedi prochain \u00e0 Santa dans le d\u00e9partement de la Mezam.<\/p>\n<p>Cet article <a rel=\"nofollow\" href=\"https:\/\/www.journalducameroun.com\/cameroun-obseques-officielles-pour-lancien-pm-simon-achidi-achu-cameroun\/\">Cameroun : obs\u00e8ques officielles pour l\u2019ancien PM Simon Achidi Achu<\/a> est apparu en premier sur <a rel=\"nofollow\" href=\"https:\/\/www.journalducameroun.com\/\">Journal du Cameroun<\/a>.<\/p>\n<\/div>\n<p>Auteur: Christian DJIMADEU<br \/>\n<a href=\"https:\/\/www.journalducameroun.com\/cameroun-obseques-officielles-pour-lancien-pm-simon-achidi-achu-cameroun\/\">Cliquez ici pour lire l&rsquo;article depuis sa source.<\/a><\/p>\n","protected":false},"excerpt":{"rendered":"<p>Ainsi en a d\u00e9cid\u00e9 le pr\u00e9sident de la R\u00e9publique \u00e0 travers un d\u00e9cret sign\u00e9 ce 28 juin 2021. La d\u00e9pouille de l\u2019ancien Premier ministre va fouler le sol camerounais ce 28 juin 2021. D\u00e9c\u00e9d\u00e9 aux Etats-Unis le 4 mai, le pr\u00e9sident de la R\u00e9publique a d\u00e9cid\u00e9 ce jour de lui accorder des obs\u00e8ques officielles. On [&hellip;]<\/p>\n","protected":false},"author":1965,"featured_media":0,"comment_status":"closed","ping_status":"closed","sticky":false,"template":"","format":"standard","meta":{"fifu_image_url":"https:\/\/www.journalducameroun.com\/wp-content\/uploads\/2021\/05\/Simon-Achidi-Achu.jpg","fifu_image_alt":"Cameroun : obs\u00e8ques officielles pour l\u2019ancien PM Simon Achidi Achu","footnotes":""},"categories":[73,82],"tags":[],"class_list":["post-119805","post","type-post","status-publish","format-standard","hentry","category-actualite","category-cameroun"],"_links":{"self":[{"href":"https:\/\/linitiative.ca\/International\/wp-json\/wp\/v2\/posts\/119805","targetHints":{"allow":["GET"]}}],"collection":[{"href":"https:\/\/linitiative.ca\/International\/wp-json\/wp\/v2\/posts"}],"about":[{"href":"https:\/\/linitiative.ca\/International\/wp-json\/wp\/v2\/types\/post"}],"author":[{"embeddable":true,"href":"https:\/\/linitiative.ca\/International\/wp-json\/wp\/v2\/users\/1965"}],"replies":[{"embeddable":true,"href":"https:\/\/linitiative.ca\/International\/wp-json\/wp\/v2\/comments?post=119805"}],"version-history":[{"count":0,"href":"https:\/\/linitiative.ca\/International\/wp-json\/wp\/v2\/posts\/119805\/revisions"}],"wp:attachment":[{"href":"https:\/\/linitiative.ca\/International\/wp-json\/wp\/v2\/media?parent=119805"}],"wp:term":[{"taxonomy":"category","embeddable":true,"href":"https:\/\/linitiative.ca\/International\/wp-json\/wp\/v2\/categories?post=119805"},{"taxonomy":"post_tag","embeddable":true,"href":"https:\/\/linitiative.ca\/International\/wp-json\/wp\/v2\/tags?post=119805"}],"curies":[{"name":"wp","href":"https:\/\/api.w.org\/{rel}","templated":true}]}}