{"id":119807,"date":"2021-06-28T14:18:01","date_gmt":"2021-06-28T18:18:01","guid":{"rendered":"https:\/\/linitiative.ca\/International\/mauritanie-la-bad-soutient-lemploi-des-jeunes-et-la-gouvernance\/"},"modified":"2021-06-28T14:18:01","modified_gmt":"2021-06-28T18:18:01","slug":"mauritanie-la-bad-soutient-lemploi-des-jeunes-et-la-gouvernance","status":"publish","type":"post","link":"https:\/\/linitiative.ca\/International\/mauritanie-la-bad-soutient-lemploi-des-jeunes-et-la-gouvernance\/","title":{"rendered":"Mauritanie : la Bad soutient l\u2019emploi des jeunes et la gouvernance"},"content":{"rendered":"<div>\n<p><img loading=\"lazy\" decoding=\"async\" width=\"238\" height=\"212\" src=\"https:\/\/linitiative.ca\/International\/wp-content\/uploads\/sites\/23\/2021\/06\/16249042821746.jpg\" class=\"attachment-post-thumbnail size-post-thumbnail wp-post-image\" alt=\"\"><\/p>\n<p>La Banque africaine de d\u00e9veloppement (Bad) a accord\u00e9 d&rsquo;importants financements \u00e0 la Mauritanie pour appuyer la lutte contre le ch\u00f4mage et la bonne gouvernance.Le directeur g\u00e9n\u00e9ral de la Banque africaine de d\u00e9veloppement pour l&rsquo;Afrique du Nord, Mohamed El Azizi, et le ministre mauritanien des Affaires \u00e9conomiques et de la Promotion des secteurs productifs, Ousmane Mamoudou Kane, ont sign\u00e9, lundi \u00e0 Nouakchott, deux accords de don de plus de 8 millions de dollars (plus de 4 milliards Cfa) pour promouvoir l&#8217;emploi des jeunes et la gouvernance.<\/p>\n<p>L&rsquo;appui de la Banque africaine de d\u00e9veloppement va permettre de mettre en \u0153uvre le Projet d&rsquo;appui \u00e0 l&#8217;employabilit\u00e9 et \u00e0 l&rsquo;insertion socio-\u00e9conomique des jeunes vuln\u00e9rables et le Projet d&rsquo;appui \u00e0 la gouvernance \u00e9conomique et \u00e0 la gestion des investissements, expliqu\u00e9 le communiqu\u00e9 de la Bad parvenu \u00e0 APA.<\/p>\n<p>Le premier don de quatre millions de dollars am\u00e9ricains permettra d&rsquo;am\u00e9liorer l&rsquo;insertion professionnelle de plus de 5 000 jeunes gr\u00e2ce \u00e0 de nombreux services de conseil et d&rsquo;orientation.<\/p>\n<p>Il offrira \u00e0 850 autres des formations qualifiantes et placera 450 jeunes en apprentissage en garantissant une proportion de 30 \u00e0 50% de femmes dans le total des b\u00e9n\u00e9ficiaires.<\/p>\n<p>En outre, 700 jeunes entrepreneurs b\u00e9n\u00e9ficieront des opportunit\u00e9s g\u00e9n\u00e9r\u00e9es par les cha\u00eenes de valeur dans diff\u00e9rents secteurs \u00e9conomiques. Le projet facilitera enfin l&rsquo;acc\u00e8s au financement pour les jeunes entrepreneurs par le biais de la microfinance.<\/p>\n<p>Le second don, de pr\u00e8s de 4,3 millions de dollars, a pour objectif d&rsquo;am\u00e9liorer l&rsquo;ex\u00e9cution et le suivi de l&rsquo;investissement public et d&rsquo;appuyer les organismes publics et parapublics charg\u00e9s de la promotion des investissements priv\u00e9s en Mauritanie.<\/p>\n<p>Il accompagnera, dans le cadre d&rsquo;une d\u00e9marche int\u00e9gr\u00e9e, la r\u00e9forme du code des march\u00e9s publics et contribuera \u00e0 consolider les moyens de la justice transactionnelle. Il vise \u00e9galement \u00e0 renforcer la s\u00e9curit\u00e9 juridique des op\u00e9rateurs \u00e9conomiques et des particuliers par la d\u00e9livrance d&rsquo;un plus grand nombre de titres fonciers gr\u00e2ce \u00e0 un appui \u00e0 la direction g\u00e9n\u00e9rale des domaines et du patrimoine de l&rsquo;\u00c9tat.<\/p>\n<p>Gr\u00e2ce \u00e0 ce dont, la gouvernance fiscale sera aussi renforc\u00e9e par un appui \u00e0 l&rsquo;am\u00e9lioration des syst\u00e8mes d&rsquo;information de la direction g\u00e9n\u00e9rale des imp\u00f4ts.<\/p>\n<p>\u00ab Je voudrais louer le niveau de coop\u00e9ration qui lie notre pays au Groupe de la Banque africaine de d\u00e9veloppement. Ces deux signatures t\u00e9moignent d&rsquo;une coop\u00e9ration fructueuse et multiforme \u00bb, a d\u00e9clar\u00e9, le ministre mauritanien des Affaires \u00e9conomiques et de la Promotion des secteurs productifs, Ousmane Mamoudou Kane.<\/p>\n<p>\u00ab Ces deux nouvelles op\u00e9rations se compl\u00e8tent parfaitement pour renforcer la dynamique de l&rsquo;investissement, cr\u00e9er de nouveaux emplois et offrir de nouvelles perspectives aux jeunes \u00bb, a soulign\u00e9 Mohamed El Azizi.<\/p>\n<p>Cet article <a rel=\"nofollow\" href=\"https:\/\/www.journalducameroun.com\/mauritanie-la-bad-soutient-lemploi-des-jeunes-et-la-gouvernance\/\">Mauritanie : la Bad soutient l\u2019emploi des jeunes et la gouvernance<\/a> est apparu en premier sur <a rel=\"nofollow\" href=\"https:\/\/www.journalducameroun.com\/\">Journal du Cameroun<\/a>.<\/p>\n<\/div>\n<p>Auteur: APA News<br \/>\n<a href=\"https:\/\/www.journalducameroun.com\/mauritanie-la-bad-soutient-lemploi-des-jeunes-et-la-gouvernance\/\">Cliquez ici pour lire l&rsquo;article depuis sa source.<\/a><\/p>\n","protected":false},"excerpt":{"rendered":"<p>La Banque africaine de d\u00e9veloppement (Bad) a accord\u00e9 d&rsquo;importants financements \u00e0 la Mauritanie pour appuyer la lutte contre le ch\u00f4mage et la bonne gouvernance.Le directeur g\u00e9n\u00e9ral de la Banque africaine de d\u00e9veloppement pour l&rsquo;Afrique du Nord, Mohamed El Azizi, et le ministre mauritanien des Affaires \u00e9conomiques et de la Promotion des secteurs productifs, Ousmane Mamoudou [&hellip;]<\/p>\n","protected":false},"author":1965,"featured_media":0,"comment_status":"closed","ping_status":"closed","sticky":false,"template":"","format":"standard","meta":{"fifu_image_url":"https:\/\/www.journalducameroun.com\/wp-content\/uploads\/2021\/06\/16249042821746.jpg","fifu_image_alt":"Mauritanie : la Bad soutient l\u2019emploi des jeunes et la gouvernance","footnotes":""},"categories":[73,82],"tags":[],"class_list":["post-119807","post","type-post","status-publish","format-standard","hentry","category-actualite","category-cameroun"],"_links":{"self":[{"href":"https:\/\/linitiative.ca\/International\/wp-json\/wp\/v2\/posts\/119807","targetHints":{"allow":["GET"]}}],"collection":[{"href":"https:\/\/linitiative.ca\/International\/wp-json\/wp\/v2\/posts"}],"about":[{"href":"https:\/\/linitiative.ca\/International\/wp-json\/wp\/v2\/types\/post"}],"author":[{"embeddable":true,"href":"https:\/\/linitiative.ca\/International\/wp-json\/wp\/v2\/users\/1965"}],"replies":[{"embeddable":true,"href":"https:\/\/linitiative.ca\/International\/wp-json\/wp\/v2\/comments?post=119807"}],"version-history":[{"count":0,"href":"https:\/\/linitiative.ca\/International\/wp-json\/wp\/v2\/posts\/119807\/revisions"}],"wp:attachment":[{"href":"https:\/\/linitiative.ca\/International\/wp-json\/wp\/v2\/media?parent=119807"}],"wp:term":[{"taxonomy":"category","embeddable":true,"href":"https:\/\/linitiative.ca\/International\/wp-json\/wp\/v2\/categories?post=119807"},{"taxonomy":"post_tag","embeddable":true,"href":"https:\/\/linitiative.ca\/International\/wp-json\/wp\/v2\/tags?post=119807"}],"curies":[{"name":"wp","href":"https:\/\/api.w.org\/{rel}","templated":true}]}}