{"id":119809,"date":"2021-06-28T16:18:02","date_gmt":"2021-06-28T20:18:02","guid":{"rendered":"https:\/\/linitiative.ca\/International\/maroc-une-ambitieuse-reforme-fiscale\/"},"modified":"2021-06-28T16:18:02","modified_gmt":"2021-06-28T20:18:02","slug":"maroc-une-ambitieuse-reforme-fiscale","status":"publish","type":"post","link":"https:\/\/linitiative.ca\/International\/maroc-une-ambitieuse-reforme-fiscale\/","title":{"rendered":"Maroc : une ambitieuse r\u00e9forme fiscale"},"content":{"rendered":"<div>\n<p><img loading=\"lazy\" decoding=\"async\" width=\"780\" height=\"468\" src=\"https:\/\/linitiative.ca\/International\/wp-content\/uploads\/sites\/23\/2021\/06\/16249114825354.jpg\" class=\"attachment-post-thumbnail size-post-thumbnail wp-post-image\" alt=\"\" srcset=\"https:\/\/linitiative.ca\/International\/wp-content\/uploads\/sites\/23\/2021\/06\/16249114825354.jpg 780w, https:\/\/www.journalducameroun.com\/wp-content\/uploads\/2021\/06\/16249114825354-300x180.jpg 300w, https:\/\/www.journalducameroun.com\/wp-content\/uploads\/2021\/06\/16249114825354-768x461.jpg 768w, https:\/\/www.journalducameroun.com\/wp-content\/uploads\/2021\/06\/16249114825354-733x440.jpg 733w, https:\/\/www.journalducameroun.com\/wp-content\/uploads\/2021\/06\/16249114825354-600x360.jpg 600w\" sizes=\"auto, (max-width: 780px) 100vw, 780px\"><\/p>\n<p>Un projet de loi-cadre qui veut mobiliser les potentiels fiscaux pour financer les politiques publiques, le d\u00e9veloppement, l&rsquo;inclusion et la coh\u00e9sion sociales est adopt\u00e9 au Maroc.Le Conseil des ministres marocain,\u00a0pr\u00e9sid\u00e9 lundi \u00e0 F\u00e8s par le Roi Mohammed VI,\u00a0a adopt\u00e9 un\u00a0projet de loi-cadre relatif \u00e0 la r\u00e9forme fiscale qui vise \u00e0 instaurer \u00ab un syst\u00e8me fiscal efficace, juste, \u00e9quitable et \u00e9quilibr\u00e9, qui permet de mobiliser tous les potentiels fiscaux \u00bb pour financer les politiques publiques, promouvoir le d\u00e9veloppement \u00e9conomique et r\u00e9aliser l&rsquo;inclusion et la coh\u00e9sion sociales.<\/p>\n<p>Ce projet a pour objet de fixer les principes de base et les objectifs relatifs \u00e0 cette r\u00e9forme et qui portent essentiellement sur le renforcement des droits fondamentaux \u00e0 travers un syst\u00e8me fiscal bas\u00e9 sur le respect de l&rsquo;\u00e9galit\u00e9 de tous devant l&rsquo;imp\u00f4t, l&rsquo;\u00e9quit\u00e9 fiscale, le droit \u00e0 l&rsquo;information et la garantie des droits du contribuable et ceux de l&rsquo;administration, rapporte un communiqu\u00e9 du Cabinet royal.<\/p>\n<p>Ce texte de loi assure la protection du contribuable contre toute interpr\u00e9tation abusive des textes juridiques de la part l&rsquo;administration fiscale, le renforcement de la relation de confiance entre cette administration et le contribuable, la garantie du droit de recours pour les deux parties et de l&rsquo;ind\u00e9pendance des instances fiscales comp\u00e9tentes, en plus de la cr\u00e9ation d&rsquo;un Observatoire national des imp\u00f4ts.<\/p>\n<p>Il pr\u00e9voit l&rsquo;instauration d&rsquo;un syst\u00e8me fiscal au service de la comp\u00e9titivit\u00e9, de l&rsquo;innovation et de la cr\u00e9ation d&#8217;emploi et la mobilisation du plein potentiel fiscal pour garantir un meilleur financement des politiques publiques.<\/p>\n<p>Aussi, ce projet de loi-cadre se propose d&rsquo;orienter le syst\u00e8me fiscal vers le renforcement de la solidarit\u00e9, surtout pour le financement des filets sociaux de la protection sociale, comme la couverture m\u00e9dicale, les allocations familiales, ainsi que pour la r\u00e9duction des in\u00e9galit\u00e9s sociales.<\/p>\n<p>Il vise \u00e9galement la r\u00e9forme de la fiscalit\u00e9 des collectivit\u00e9s territoriales afin de leur garantir des ressources permanentes et ce, en droite ligne de la d\u00e9termination de l&rsquo;\u00c9tat \u00e0 revoir et \u00e0 simplifier les r\u00e8gles aff\u00e9rentes \u00e0 ces imp\u00f4ts et leur harmonisation avec les dispositions r\u00e9gissant les imp\u00f4ts de l&rsquo;\u00c9tat.<\/p>\n<p>Cet article <a rel=\"nofollow\" href=\"https:\/\/www.journalducameroun.com\/maroc-une-ambitieuse-reforme-fiscale\/\">Maroc : une ambitieuse r\u00e9forme fiscale<\/a> est apparu en premier sur <a rel=\"nofollow\" href=\"https:\/\/www.journalducameroun.com\/\">Journal du Cameroun<\/a>.<\/p>\n<\/div>\n<p>Auteur: APA News<br \/>\n<a href=\"https:\/\/www.journalducameroun.com\/maroc-une-ambitieuse-reforme-fiscale\/\">Cliquez ici pour lire l&rsquo;article depuis sa source.<\/a><\/p>\n","protected":false},"excerpt":{"rendered":"<p>Un projet de loi-cadre qui veut mobiliser les potentiels fiscaux pour financer les politiques publiques, le d\u00e9veloppement, l&rsquo;inclusion et la coh\u00e9sion sociales est adopt\u00e9 au Maroc.Le Conseil des ministres marocain,\u00a0pr\u00e9sid\u00e9 lundi \u00e0 F\u00e8s par le Roi Mohammed VI,\u00a0a adopt\u00e9 un\u00a0projet de loi-cadre relatif \u00e0 la r\u00e9forme fiscale qui vise \u00e0 instaurer \u00ab un syst\u00e8me fiscal [&hellip;]<\/p>\n","protected":false},"author":1965,"featured_media":0,"comment_status":"closed","ping_status":"closed","sticky":false,"template":"","format":"standard","meta":{"fifu_image_url":"https:\/\/www.journalducameroun.com\/wp-content\/uploads\/2021\/06\/16249114825354.jpg","fifu_image_alt":"Maroc : une ambitieuse r\u00e9forme fiscale","footnotes":""},"categories":[73,82],"tags":[],"class_list":["post-119809","post","type-post","status-publish","format-standard","hentry","category-actualite","category-cameroun"],"_links":{"self":[{"href":"https:\/\/linitiative.ca\/International\/wp-json\/wp\/v2\/posts\/119809","targetHints":{"allow":["GET"]}}],"collection":[{"href":"https:\/\/linitiative.ca\/International\/wp-json\/wp\/v2\/posts"}],"about":[{"href":"https:\/\/linitiative.ca\/International\/wp-json\/wp\/v2\/types\/post"}],"author":[{"embeddable":true,"href":"https:\/\/linitiative.ca\/International\/wp-json\/wp\/v2\/users\/1965"}],"replies":[{"embeddable":true,"href":"https:\/\/linitiative.ca\/International\/wp-json\/wp\/v2\/comments?post=119809"}],"version-history":[{"count":0,"href":"https:\/\/linitiative.ca\/International\/wp-json\/wp\/v2\/posts\/119809\/revisions"}],"wp:attachment":[{"href":"https:\/\/linitiative.ca\/International\/wp-json\/wp\/v2\/media?parent=119809"}],"wp:term":[{"taxonomy":"category","embeddable":true,"href":"https:\/\/linitiative.ca\/International\/wp-json\/wp\/v2\/categories?post=119809"},{"taxonomy":"post_tag","embeddable":true,"href":"https:\/\/linitiative.ca\/International\/wp-json\/wp\/v2\/tags?post=119809"}],"curies":[{"name":"wp","href":"https:\/\/api.w.org\/{rel}","templated":true}]}}