{"id":119813,"date":"2021-06-29T10:00:35","date_gmt":"2021-06-29T14:00:35","guid":{"rendered":"https:\/\/linitiative.ca\/International\/emploi-des-jeunes-au-maroc-yallah-les-jeunes-se-mobilisent\/"},"modified":"2021-06-29T10:00:35","modified_gmt":"2021-06-29T14:00:35","slug":"emploi-des-jeunes-au-maroc-yallah-les-jeunes-se-mobilisent","status":"publish","type":"post","link":"https:\/\/linitiative.ca\/International\/emploi-des-jeunes-au-maroc-yallah-les-jeunes-se-mobilisent\/","title":{"rendered":"Emploi des jeunes au Maroc : Yallah les jeunes se mobilisent"},"content":{"rendered":"<div>\n<p><img decoding=\"async\" width=\"300\" height=\"153\" src=\"https:\/\/linitiative.ca\/International\/wp-content\/uploads\/sites\/23\/2021\/06\/Yallah-300x153-1.jpg\" class=\"attachment-medium size-medium wp-post-image\" alt=\"\" loading=\"lazy\" srcset=\"\/\/aujourdhui.ma\/wp-content\/uploads\/2021\/06\/Yallah-300x153.jpg 300w, \/\/aujourdhui.ma\/wp-content\/uploads\/2021\/06\/Yallah-274x140.jpg 274w, \/\/aujourdhui.ma\/wp-content\/uploads\/2021\/06\/Yallah.jpg 746w, \/\/aujourdhui.ma\/wp-content\/uploads\/2021\/06\/Yallah-165x84.jpg 165w, \/\/aujourdhui.ma\/wp-content\/uploads\/2021\/06\/Yallah-702x358.jpg 702w\" sizes=\"auto, (max-width: 300px) 100vw, 300px\"><\/p>\n<p><span style=\"color: #800000;\"><strong>La plateforme Yallah a \u00e9t\u00e9 cr\u00e9\u00e9 par le Franco-argentin, Jorg\u00e9 Cifuentes, actif dans le conseil pour l\u2019insertion sociale et professionnelle.<\/strong><\/span><span id=\"more-380301\"><\/span><\/p>\n<p>Adopt\u00e9 par le Maroc depuis toujours, le jeune homme allie, aujourd\u2019hui, ses efforts \u00e0 ceux de l\u2019influenceur Bilal Mouhouche, plus connu sous le nom de Bimo avec ses 800.000 abonn\u00e9s sur Youtube et 169.000 sur Instagram. \u00abAgir pour soutenir et cr\u00e9er des opportunit\u00e9s d\u2019emploi pour les jeunes marocains\u00bb, telle est leur motivation commune. \u00abJe suis un Marocain d\u2019adoption, j\u2019aime ce pays et je suis fascin\u00e9 par cette dynamique nationale. Tout bouge dans le bon sens\u00bb. La conviction profonde de Cifuentes se traduit, aujourd\u2019hui, par le lancement de la plateforme Yallah, d\u00e9di\u00e9e \u00e0 la relance de l\u2019emploi post-Covid-19. \u00abJ\u2019aime mon pays et je souhaite contribuer \u00e0 son d\u00e9veloppement. Je cherchais une initiative ou une action \u00e0 mener \u00e0 titre b\u00e9n\u00e9vole, surtout aupr\u00e8s des jeunes\u00bb, affirmera de son c\u00f4t\u00e9 Bimo. Et c\u2019est ainsi que la rencontre des deux jeunes a donn\u00e9 naissance au mouvement Yallah devenu \u00abYallahNkhadmou\u00bb.<\/p>\n<p>Tel que con\u00e7u, le site Yallah est une invitation \u00e0 une mobilisation des jeunes en faveur des jeunes. Il s\u2019agit aussi d\u2019un mouvement de partage et de solidarit\u00e9, qui vise \u00e0 inciter les jeunes \u00e0 se prendre en charge, soit \u00e0 trouver le premier job ou \u00e0 cr\u00e9er le leur. La plateforme www.yallahservices.ma a \u00e9t\u00e9 renforc\u00e9e par un programme de rencontres culturelles, sportives, de formation, d\u2019accompagnement pour cr\u00e9er une dynamique de l\u2019emploi. \u00abNous allons nous mobiliser, mobiliser notre entourage et les r\u00e9seaux sociaux cet \u00e9t\u00e9 car le Maroc offre beaucoup d\u2019opportunit\u00e9s d\u2019emploi. C\u2019est aux jeunes de les saisir\u00bb, promettent Cirfuentes et Bilal. Tous deux feront r\u00e9f\u00e9rence au nouveau mod\u00e8le de d\u00e9veloppement qui place les jeunes au c\u0153ur de l\u2019\u00e9chiquier\u2026<br \/>\nPour rappel, la plateforme Yallah a \u00e9t\u00e9 lanc\u00e9e, au mois d\u2019avril 2021. Elle compte \u00e0 ce jour plus de 13.000 abonn\u00e9s.<\/p>\n<p>L\u2019espace virtuel supporte donc l\u2019initiative \u00abYallah Nkhadmou\u00bb, un carrefour pour les activit\u00e9s et rencontres professionnelles autour des opportunit\u00e9s d\u2019emploi. L\u2019invitation \u00e0 rejoindre le mouvement est, d\u00e9sormais, ouverte.<\/p>\n<\/div>\n<p>Auteur: Dounia Essabban<br \/>\n<a href=\"https:\/\/aujourdhui.ma\/emploi\/emploi-des-jeunes-au-maroc-yallah-les-jeunes-se-mobilisent\">Cliquez ici pour lire l&rsquo;article depuis sa source.<\/a><\/p>\n","protected":false},"excerpt":{"rendered":"<p>La plateforme Yallah a \u00e9t\u00e9 cr\u00e9\u00e9 par le Franco-argentin, Jorg\u00e9 Cifuentes, actif dans le conseil pour l\u2019insertion sociale et professionnelle. Adopt\u00e9 par le Maroc depuis toujours, le jeune homme allie, aujourd\u2019hui, ses efforts \u00e0 ceux de l\u2019influenceur Bilal Mouhouche, plus connu sous le nom de Bimo avec ses 800.000 abonn\u00e9s sur Youtube et 169.000 sur [&hellip;]<\/p>\n","protected":false},"author":1759,"featured_media":0,"comment_status":"closed","ping_status":"closed","sticky":false,"template":"","format":"standard","meta":{"fifu_image_url":"https:\/\/aujourdhui.ma\/wp-content\/uploads\/2021\/06\/Yallah-300x153.jpg","fifu_image_alt":"Emploi des jeunes au Maroc : Yallah les jeunes se mobilisent","footnotes":""},"categories":[73,54],"tags":[],"class_list":["post-119813","post","type-post","status-publish","format-standard","hentry","category-actualite","category-maroc"],"_links":{"self":[{"href":"https:\/\/linitiative.ca\/International\/wp-json\/wp\/v2\/posts\/119813","targetHints":{"allow":["GET"]}}],"collection":[{"href":"https:\/\/linitiative.ca\/International\/wp-json\/wp\/v2\/posts"}],"about":[{"href":"https:\/\/linitiative.ca\/International\/wp-json\/wp\/v2\/types\/post"}],"author":[{"embeddable":true,"href":"https:\/\/linitiative.ca\/International\/wp-json\/wp\/v2\/users\/1759"}],"replies":[{"embeddable":true,"href":"https:\/\/linitiative.ca\/International\/wp-json\/wp\/v2\/comments?post=119813"}],"version-history":[{"count":0,"href":"https:\/\/linitiative.ca\/International\/wp-json\/wp\/v2\/posts\/119813\/revisions"}],"wp:attachment":[{"href":"https:\/\/linitiative.ca\/International\/wp-json\/wp\/v2\/media?parent=119813"}],"wp:term":[{"taxonomy":"category","embeddable":true,"href":"https:\/\/linitiative.ca\/International\/wp-json\/wp\/v2\/categories?post=119813"},{"taxonomy":"post_tag","embeddable":true,"href":"https:\/\/linitiative.ca\/International\/wp-json\/wp\/v2\/tags?post=119813"}],"curies":[{"name":"wp","href":"https:\/\/api.w.org\/{rel}","templated":true}]}}