{"id":119815,"date":"2021-06-29T11:15:05","date_gmt":"2021-06-29T15:15:05","guid":{"rendered":"https:\/\/linitiative.ca\/International\/job-days-encg-casablanca-top-depart-pour-la-1er-edition\/"},"modified":"2021-06-29T11:15:05","modified_gmt":"2021-06-29T15:15:05","slug":"job-days-encg-casablanca-top-depart-pour-la-1er-edition","status":"publish","type":"post","link":"https:\/\/linitiative.ca\/International\/job-days-encg-casablanca-top-depart-pour-la-1er-edition\/","title":{"rendered":"\u00abJob Days ENCG Casablanca\u00bb\u00a0:  Top d\u00e9part pour la 1er \u00e9dition"},"content":{"rendered":"<div>\n<p><img decoding=\"async\" width=\"300\" height=\"153\" src=\"https:\/\/linitiative.ca\/International\/wp-content\/uploads\/sites\/23\/2021\/06\/ENCG-300x153-1.jpg\" class=\"attachment-medium size-medium wp-post-image\" alt=\"\" loading=\"lazy\" srcset=\"\/\/aujourdhui.ma\/wp-content\/uploads\/2021\/06\/ENCG-300x153.jpg 300w, \/\/aujourdhui.ma\/wp-content\/uploads\/2021\/06\/ENCG-274x140.jpg 274w, \/\/aujourdhui.ma\/wp-content\/uploads\/2021\/06\/ENCG.jpg 746w, \/\/aujourdhui.ma\/wp-content\/uploads\/2021\/06\/ENCG-165x84.jpg 165w, \/\/aujourdhui.ma\/wp-content\/uploads\/2021\/06\/ENCG-702x358.jpg 702w\" sizes=\"auto, (max-width: 300px) 100vw, 300px\"><\/p>\n<p><span style=\"color: #800000;\"><strong>La premi\u00e8re \u00e9dition de \u00abJob Days ENCG Casablanca\u00bb a \u00e9t\u00e9 officiellement lanc\u00e9e ce mardi 29 juin.<\/strong><\/span><span id=\"more-380358\"><\/span><\/p>\n<p>Cet \u00e9v\u00e8nement de deux jours vient \u00e9pauler les futurs laur\u00e9ats et les \u00e9tudiants du r\u00e9seau dans le choix de leur job d\u2019avenir. \u00abDans un esprit de d\u00e9veloppement de l\u2019\u00e9tablissement, plusieurs id\u00e9es ont \u00e9t\u00e9 lanc\u00e9es, le Job Days ENCG Casablanca (performance, innovation et comp\u00e9titivit\u00e9, PIC) est un grand exemple de l\u2019engagement, et de l\u2019int\u00e9r\u00eat judicieux que portent nos \u00e9tudiants quant \u00e0 l\u2019\u00e9largissement de leurs perspectives et connaissances personnelles dans les domaines \u00e9conomiques, culturels et entrepreneuriaux; cette \u00e9dition est aussi un rendez-vous annuel des recruteurs avec nos laur\u00e9ats et nos futurs laur\u00e9ats\u00bb, apprend-on de l\u2019ENCG Casablanca. Et d\u2019ajouter : \u00abAlliant support et motivation, cet \u00e9v\u00e9nement est une occasion idoine pour les laur\u00e9ats ainsi que pour les futurs laur\u00e9ats pour les initier au monde socio-\u00e9conomique ainsi que pour faciliter leur insertion professionnelle \u00e0 l\u2019\u00e8re de la Covid-19 \u00bb, rel\u00e8ve-t-on de l\u2019ENCG. En effet, cette manifestation permet non seulement aux \u00e9tudiants et aux laur\u00e9ats de discuter des modalit\u00e9s de collaboration avec les entreprises participantes, mais \u00e9galement favorise l\u2019ouverture sur l\u2019avenir de l\u2019\u00e9conomie et le march\u00e9 du travail apr\u00e8s la crise sanitaire.<\/p>\n<\/div>\n<p>Auteur: ALM<br \/>\n<a href=\"https:\/\/aujourdhui.ma\/actualite\/job-days-encg-casablanca-top-depart-pour-la-1er-edition\">Cliquez ici pour lire l&rsquo;article depuis sa source.<\/a><\/p>\n","protected":false},"excerpt":{"rendered":"<p>La premi\u00e8re \u00e9dition de \u00abJob Days ENCG Casablanca\u00bb a \u00e9t\u00e9 officiellement lanc\u00e9e ce mardi 29 juin. Cet \u00e9v\u00e8nement de deux jours vient \u00e9pauler les futurs laur\u00e9ats et les \u00e9tudiants du r\u00e9seau dans le choix de leur job d\u2019avenir. \u00abDans un esprit de d\u00e9veloppement de l\u2019\u00e9tablissement, plusieurs id\u00e9es ont \u00e9t\u00e9 lanc\u00e9es, le Job Days ENCG Casablanca [&hellip;]<\/p>\n","protected":false},"author":1759,"featured_media":0,"comment_status":"closed","ping_status":"closed","sticky":false,"template":"","format":"standard","meta":{"fifu_image_url":"https:\/\/aujourdhui.ma\/wp-content\/uploads\/2021\/06\/ENCG-300x153.jpg","fifu_image_alt":"\u00abJob Days ENCG Casablanca\u00bb\u00a0:  Top d\u00e9part pour la 1er \u00e9dition","footnotes":""},"categories":[73,54],"tags":[],"class_list":["post-119815","post","type-post","status-publish","format-standard","hentry","category-actualite","category-maroc"],"_links":{"self":[{"href":"https:\/\/linitiative.ca\/International\/wp-json\/wp\/v2\/posts\/119815","targetHints":{"allow":["GET"]}}],"collection":[{"href":"https:\/\/linitiative.ca\/International\/wp-json\/wp\/v2\/posts"}],"about":[{"href":"https:\/\/linitiative.ca\/International\/wp-json\/wp\/v2\/types\/post"}],"author":[{"embeddable":true,"href":"https:\/\/linitiative.ca\/International\/wp-json\/wp\/v2\/users\/1759"}],"replies":[{"embeddable":true,"href":"https:\/\/linitiative.ca\/International\/wp-json\/wp\/v2\/comments?post=119815"}],"version-history":[{"count":0,"href":"https:\/\/linitiative.ca\/International\/wp-json\/wp\/v2\/posts\/119815\/revisions"}],"wp:attachment":[{"href":"https:\/\/linitiative.ca\/International\/wp-json\/wp\/v2\/media?parent=119815"}],"wp:term":[{"taxonomy":"category","embeddable":true,"href":"https:\/\/linitiative.ca\/International\/wp-json\/wp\/v2\/categories?post=119815"},{"taxonomy":"post_tag","embeddable":true,"href":"https:\/\/linitiative.ca\/International\/wp-json\/wp\/v2\/tags?post=119815"}],"curies":[{"name":"wp","href":"https:\/\/api.w.org\/{rel}","templated":true}]}}