{"id":119824,"date":"2021-06-29T11:24:59","date_gmt":"2021-06-29T15:24:59","guid":{"rendered":"https:\/\/linitiative.ca\/International\/yousra-ouakrim-ou-quand-lart-prend-une-forte-dimension-humaine\/"},"modified":"2021-06-29T11:24:59","modified_gmt":"2021-06-29T15:24:59","slug":"yousra-ouakrim-ou-quand-lart-prend-une-forte-dimension-humaine","status":"publish","type":"post","link":"https:\/\/linitiative.ca\/International\/yousra-ouakrim-ou-quand-lart-prend-une-forte-dimension-humaine\/","title":{"rendered":"Yousra Ouakrim ou quand l\u2019art prend une forte dimension humaine"},"content":{"rendered":"<div>\n<p><img decoding=\"async\" width=\"300\" height=\"153\" src=\"https:\/\/linitiative.ca\/International\/wp-content\/uploads\/sites\/23\/2021\/06\/Yousra-Ouakrim-ou-quand-lart-prend-une-forte-dimension-humaine-300x153-1.jpg\" class=\"attachment-medium size-medium wp-post-image\" alt=\"\" loading=\"lazy\" srcset=\"\/\/aujourdhui.ma\/wp-content\/uploads\/2021\/06\/Yousra-Ouakrim-ou-quand-lart-prend-une-forte-dimension-humaine-300x153.jpg 300w, \/\/aujourdhui.ma\/wp-content\/uploads\/2021\/06\/Yousra-Ouakrim-ou-quand-lart-prend-une-forte-dimension-humaine-274x140.jpg 274w, \/\/aujourdhui.ma\/wp-content\/uploads\/2021\/06\/Yousra-Ouakrim-ou-quand-lart-prend-une-forte-dimension-humaine.jpg 746w, \/\/aujourdhui.ma\/wp-content\/uploads\/2021\/06\/Yousra-Ouakrim-ou-quand-lart-prend-une-forte-dimension-humaine-165x84.jpg 165w, \/\/aujourdhui.ma\/wp-content\/uploads\/2021\/06\/Yousra-Ouakrim-ou-quand-lart-prend-une-forte-dimension-humaine-702x358.jpg 702w\" sizes=\"auto, (max-width: 300px) 100vw, 300px\"><\/p>\n<p><span style=\"color: #800000;\"><strong>Elle est photographe et artiste-peintre \u00e0 la fois<\/strong><\/span><span id=\"more-380314\"><\/span><\/p>\n<p>Elle est \u00e0 sa premi\u00e8re exposition individuelle. La jeune photographe et artiste-peintre marocaine, Yousra Ouakrim, qui pr\u00e9sente actuellement ses \u0153uvres \u00e0 Rabat, r\u00e9v\u00e8le tout son art dans les deux disciplines. Issues de ses diff\u00e9rents voyages dans les quatre coins du monde, ses \u0153uvres retracent le v\u00e9cu quotidien d\u2019humains. \u00abQuand j\u2019\u00e9tais en Inde, j\u2019ai appr\u00e9ci\u00e9 le sourire d\u2019une petite fille install\u00e9e dans un magasin et je l\u2019ai prise en photo\u00bb, s\u2019exprime l\u2019artiste qui pr\u00e9cise faire la photographie de voyage notamment celle spontan\u00e9e. \u00abJe ne demande pas \u00e0 ce qu\u2019on fasse la pose\u00bb, encha\u00eene-t-elle.<br \/>\nOutre ce pays, elle a fait le d\u00e9placement dans d\u2019autres continents. Ce qui l\u2019int\u00e9resse, c\u2019est de capturer le temps humain. En Asie, elle a immortalis\u00e9 la souffrance d\u2019un homme souriant tout en portant d\u2019\u00e9normes quantit\u00e9s de soufre. En Afrique, elle a captur\u00e9 \u00e9galement une m\u00e8re portant son enfant sur le dos. \u00abComme j\u2019adore voyager, j\u2019ai toujours joint ma passion pour la photographie \u00e0 mes p\u00e9riples. Le tout avec le c\u00f4t\u00e9 de capturer l\u2019instant et avoir le cachet de la culture locale\u00bb. Ce sont les humains qui la marquent dans n\u2019importe quel pays qu\u2019elle visite. \u00abJ\u2019adore \u00eatre en contact avec les gens, leur parler\u00bb, avance-t-elle en rappelant pr\u00e9f\u00e9rer troquer les h\u00f4tels luxueux pour des s\u00e9jours chez les habitants.<\/p>\n<p><a href=\"https:\/\/linitiative.ca\/International\/wp-content\/uploads\/sites\/23\/2021\/06\/IMG_20210225_114148_152.jpg\"><img decoding=\"async\" loading=\"lazy\" class=\" wp-image-380319 aligncenter\" src=\"https:\/\/linitiative.ca\/International\/wp-content\/uploads\/sites\/23\/2021\/06\/IMG_20210225_114148_152.jpg\" alt=\"\" width=\"581\" height=\"727\" srcset=\"\/\/aujourdhui.ma\/wp-content\/uploads\/2021\/06\/IMG_20210225_114148_152.jpg 1080w, \/\/aujourdhui.ma\/wp-content\/uploads\/2021\/06\/IMG_20210225_114148_152-240x300.jpg 240w, \/\/aujourdhui.ma\/wp-content\/uploads\/2021\/06\/IMG_20210225_114148_152-819x1024.jpg 819w, \/\/aujourdhui.ma\/wp-content\/uploads\/2021\/06\/IMG_20210225_114148_152-768x960.jpg 768w\" sizes=\"auto, (max-width: 581px) 100vw, 581px\"><\/a><br \/>\nA propos de sa technique, elle est assez claire. Ses photos sont sans \u00abaucune retouche ou un grain d\u2019\u00e9clairage\u00bb. D\u2019ailleurs, elle est contre la retouche exag\u00e9r\u00e9e. \u00abJe suis plut\u00f4t pour la prise de la photo avec le bon angle bien choisi puisque le photographe a le libre choix de se d\u00e9placer\u00bb. Quand il s\u2019agit de prendre des humains, une seule photo suffit pour elle. Mais, face \u00e0 un paysage, elle peut choisir parce que celui-ci est fig\u00e9. \u00abSoit que je marche et c\u2019est la photo de rue, soit c\u2019est une impression qui m\u2019a captur\u00e9e donc je m\u2019arr\u00eate et je la prends spontan\u00e9ment\u00bb.<br \/>\nQuant \u00e0 sa passion, elle remonte, tel qu\u2019elle l\u2019indique, \u00e0 son petit \u00e2ge. \u00abJ\u2019ai toujours \u00e9t\u00e9 attir\u00e9e et passionn\u00e9e par les arts plastiques\u00bb, raconte l\u2019artiste de 33 ans. Par l\u2019occasion, elle rappelle avoir \u00e9t\u00e9, au lyc\u00e9e, dans un club de photographie. \u00abJ\u2019en faisais m\u00eame avant d\u2019aller en France o\u00f9 j\u2019ai \u00e9tudi\u00e9 et fait mon stage de six mois et travaill\u00e9 pendant un an chez la marque japonaise Canon o\u00f9 j\u2019avais la possibilit\u00e9 d\u2019emprunter du bon mat\u00e9riel. Je m\u2019\u00e9clatais en fait\u00bb.<\/p>\n<p>C\u2019est ainsi qu\u2019elle s\u2019est vraiment initi\u00e9e \u00e0 la photographie, a commenc\u00e9 \u00e0 manipuler des r\u00e9flexes et achet\u00e9 son premier appareil professionnel. \u00abA chaque fois qu\u2019il y avait un stage avec un photographe international, en provenance du Canada et d\u2019Angleterre entre autres, qui faisait escale \u00e0 Paris, je le r\u00e9servais. Je payais une journ\u00e9e de formation et une sortie avec le photographe sur les lieux\u00bb. Dans ce sens, elle donne les exemples de la photo de nuit tr\u00e8s technique, l\u2019attente de la belle prise, la capture par l\u2019appareil des photos automatiquement avec une bonne luminosit\u00e9. C\u2019est ainsi qu\u2019elle a nourri une passion ind\u00e9fectible pour la photographie.<\/p>\n<p><a href=\"https:\/\/linitiative.ca\/International\/wp-content\/uploads\/sites\/23\/2021\/06\/IMG_20210222_100531_329.jpg\"><img decoding=\"async\" loading=\"lazy\" class=\" wp-image-380318 aligncenter\" src=\"https:\/\/linitiative.ca\/International\/wp-content\/uploads\/sites\/23\/2021\/06\/IMG_20210222_100531_329.jpg\" alt=\"\" width=\"779\" height=\"974\" srcset=\"\/\/aujourdhui.ma\/wp-content\/uploads\/2021\/06\/IMG_20210222_100531_329.jpg 1080w, \/\/aujourdhui.ma\/wp-content\/uploads\/2021\/06\/IMG_20210222_100531_329-240x300.jpg 240w, \/\/aujourdhui.ma\/wp-content\/uploads\/2021\/06\/IMG_20210222_100531_329-819x1024.jpg 819w, \/\/aujourdhui.ma\/wp-content\/uploads\/2021\/06\/IMG_20210222_100531_329-768x960.jpg 768w\" sizes=\"auto, (max-width: 779px) 100vw, 779px\"><\/a><br \/>\nPour la peinture, c\u2019est une autre histoire ! \u00abJ\u2019ai toujours ador\u00e9 peindre. Alors j\u2019ai commenc\u00e9 toute seule et je faisais de la peinture sur vitre et d\u00e9corative. Mais ce n\u00e9tait pas trop mon style\u00bb. C\u2019est pourquoi elle a opt\u00e9 pour l\u2019art abstrait. \u00abJ\u2019y suis plus \u00e0 l\u2019aise. Je laisse libre cours \u00e0 mon imagination que j\u2019aime ext\u00e9rioriser impatiemment sur une toile\u00bb. Mieux encore, sa volont\u00e9 de devenir patiente l\u2019a incit\u00e9e \u00e0 apprendre des techniques. C\u2019est pourquoi elle est pass\u00e9e \u00e0 la peinture \u00e0 l\u2019huile. \u00abC\u2019est gr\u00e2ce \u00e0 l\u2019artiste-peintre Rachid Ben Abdellah que j\u2019ai commenc\u00e9, dans son atelier, \u00e0 produire des toiles \u00e0 la peinture \u00e0 l\u2019huile\u00bb, s\u2019enthousiaste Yousra. Pour elle, c\u2019\u00e9tait une occasion de concevoir des portraits. Et ce n\u2019est pas tout ! \u00abToutes mes toiles sont presque issues de mes photos\u00bb. Telle qu\u2019elle l\u2019explicite, la peinture \u00e0 l\u2019huile donne un effet naturel et ressort l\u2019\u00e9motion et les expressions de visage. De plus, cette artiste, qui a opt\u00e9 pour la peinture pastel et le crayon, a aussi fait du fauvisme et des paysages color\u00e9s. \u00abJ\u2019imagine la rivi\u00e8re bleue, le ciel orange ou jaune\u00bb.<br \/>\nConcernant la particularit\u00e9 de cette artiste, M. Benbdellah indique : \u00abJe n\u2019ai jamais vu un photographe qui fait une exposition de ses photos et de ses peintures \u00e0 la fois\u00bb. C\u2019est d\u2019ailleurs lui qui a propos\u00e9 \u00e0 cette artiste d\u2019imprimer ses photos sur toile.<\/p>\n<p>Apr\u00e8s plusieurs expositions collectives, Yousra donne \u00e0 voir ses oeuvres pour son premier \u00e9v\u00e9nement individuel qui se tient toujours dans un restaurant \u00e0 Hay Riad. \u00abQuand j\u2019y ai pris, un de ces jours, mon d\u00e9jeuner, il y avait d\u00e9j\u00e0 une exposition d\u2019un ami. Mais j\u2019ai parl\u00e9 au propri\u00e9taire qui \u00e9tait \u00e0 la recherche d\u2019une nouvelle exposition, donc je me suis lanc\u00e9e. Tant que j\u2019aime ce que je fais, cela a le m\u00e9rite d\u2019\u00eatre partag\u00e9\u00bb, exalte-t-elle. A son sens, un autre public qui n\u2019a rien \u00e0 voir avec l\u2019art peut \u00eatre attir\u00e9 par cette discipline dans un restaurant. \u00abCela encourage les artistes. Dans une galerie on ne passe pas beaucoup de temps qu\u2019en mangeant et ce n\u2019est pas tout le monde qui a une culture d\u2019aller \u00e0 une galerie pour voir une exposition\u00bb.<\/p>\n<p><a href=\"https:\/\/linitiative.ca\/International\/wp-content\/uploads\/sites\/23\/2021\/06\/FB_IMG_1613029473002.jpg\"><img decoding=\"async\" loading=\"lazy\" class=\" wp-image-380317 aligncenter\" src=\"https:\/\/linitiative.ca\/International\/wp-content\/uploads\/sites\/23\/2021\/06\/FB_IMG_1613029473002.jpg\" alt=\"\" width=\"428\" height=\"643\" srcset=\"\/\/aujourdhui.ma\/wp-content\/uploads\/2021\/06\/FB_IMG_1613029473002.jpg 640w, \/\/aujourdhui.ma\/wp-content\/uploads\/2021\/06\/FB_IMG_1613029473002-200x300.jpg 200w\" sizes=\"auto, (max-width: 428px) 100vw, 428px\"><\/a><br \/>\nS\u2019agissant de sa pr\u00e9dilection pour la photographie ou la peinture, elle se veut sinc\u00e8re. \u00abLa photo est la base de mon \u0153uvre. Je passe par elle pour raconter une peinture. Les deux passions sont tr\u00e8s compl\u00e9mentaires pour moi. Sans photo, je ne peux pas faire de peinture et vice-versa. J\u2019aspire \u00e0 faire une \u0153uvre compl\u00e8te. Je prends la photo instantan\u00e9ment. Apr\u00e8s je prends mon temps pour faire une peinture\u00bb. Au-del\u00e0 de sa passion, l\u2019artiste fait toujours dans l\u2019associatif. A Mekn\u00e8s, elle oeuvrait dans un orphelinat et une maison de retraite outre la collecte des dons. Elle a fait m\u00eame pareil \u00e0 Rabat et en France. \u00abAvec des amis, nous avons ouvert une antenne de l\u2019association \u00abPonts de l\u2019espoir\u00bb au Maroc pour la scolarisations des enfants des villages du haut Atlas\u00bb. De quoi mieux concr\u00e9tiser sa fibre humaine.<\/p>\n<p>\u00a0<\/p>\n<p>\u00a0<\/p>\n<p>\u00a0<\/p>\n<\/div>\n<p>Auteur: Salima Guisser<br \/>\n<a href=\"https:\/\/aujourdhui.ma\/culture\/yousra-ouakrim-ou-quand-lart-prend-une-forte-dimension-humaine\">Cliquez ici pour lire l&rsquo;article depuis sa source.<\/a><\/p>\n","protected":false},"excerpt":{"rendered":"<p>Elle est photographe et artiste-peintre \u00e0 la fois Elle est \u00e0 sa premi\u00e8re exposition individuelle. La jeune photographe et artiste-peintre marocaine, Yousra Ouakrim, qui pr\u00e9sente actuellement ses \u0153uvres \u00e0 Rabat, r\u00e9v\u00e8le tout son art dans les deux disciplines. Issues de ses diff\u00e9rents voyages dans les quatre coins du monde, ses \u0153uvres retracent le v\u00e9cu quotidien [&hellip;]<\/p>\n","protected":false},"author":1759,"featured_media":0,"comment_status":"closed","ping_status":"closed","sticky":false,"template":"","format":"standard","meta":{"fifu_image_url":"https:\/\/aujourdhui.ma\/wp-content\/uploads\/2021\/06\/Yousra-Ouakrim-ou-quand-lart-prend-une-forte-dimension-humaine-300x153.jpg","fifu_image_alt":"Yousra Ouakrim ou quand l\u2019art prend une forte dimension humaine","footnotes":""},"categories":[73,54],"tags":[],"class_list":["post-119824","post","type-post","status-publish","format-standard","hentry","category-actualite","category-maroc"],"_links":{"self":[{"href":"https:\/\/linitiative.ca\/International\/wp-json\/wp\/v2\/posts\/119824","targetHints":{"allow":["GET"]}}],"collection":[{"href":"https:\/\/linitiative.ca\/International\/wp-json\/wp\/v2\/posts"}],"about":[{"href":"https:\/\/linitiative.ca\/International\/wp-json\/wp\/v2\/types\/post"}],"author":[{"embeddable":true,"href":"https:\/\/linitiative.ca\/International\/wp-json\/wp\/v2\/users\/1759"}],"replies":[{"embeddable":true,"href":"https:\/\/linitiative.ca\/International\/wp-json\/wp\/v2\/comments?post=119824"}],"version-history":[{"count":0,"href":"https:\/\/linitiative.ca\/International\/wp-json\/wp\/v2\/posts\/119824\/revisions"}],"wp:attachment":[{"href":"https:\/\/linitiative.ca\/International\/wp-json\/wp\/v2\/media?parent=119824"}],"wp:term":[{"taxonomy":"category","embeddable":true,"href":"https:\/\/linitiative.ca\/International\/wp-json\/wp\/v2\/categories?post=119824"},{"taxonomy":"post_tag","embeddable":true,"href":"https:\/\/linitiative.ca\/International\/wp-json\/wp\/v2\/tags?post=119824"}],"curies":[{"name":"wp","href":"https:\/\/api.w.org\/{rel}","templated":true}]}}