{"id":119829,"date":"2021-06-29T11:30:18","date_gmt":"2021-06-29T15:30:18","guid":{"rendered":"https:\/\/linitiative.ca\/International\/des-trafiquants-de-drogue-epingles-a-casablanca-tanger-et-el-jadida\/"},"modified":"2021-06-29T11:30:18","modified_gmt":"2021-06-29T15:30:18","slug":"des-trafiquants-de-drogue-epingles-a-casablanca-tanger-et-el-jadida","status":"publish","type":"post","link":"https:\/\/linitiative.ca\/International\/des-trafiquants-de-drogue-epingles-a-casablanca-tanger-et-el-jadida\/","title":{"rendered":"Des trafiquants de drogue \u00e9pingl\u00e9s  \u00e0 Casablanca, Tanger et El Jadida"},"content":{"rendered":"<div>\n<p><img decoding=\"async\" width=\"300\" height=\"153\" src=\"https:\/\/linitiative.ca\/International\/wp-content\/uploads\/sites\/23\/2021\/06\/Drogue-chira-300x153-1.jpg\" class=\"attachment-medium size-medium wp-post-image\" alt=\"\" loading=\"lazy\" srcset=\"\/\/aujourdhui.ma\/wp-content\/uploads\/2020\/09\/Drogue-chira-300x153.jpg 300w, \/\/aujourdhui.ma\/wp-content\/uploads\/2020\/09\/Drogue-chira-274x140.jpg 274w, \/\/aujourdhui.ma\/wp-content\/uploads\/2020\/09\/Drogue-chira.jpg 746w, \/\/aujourdhui.ma\/wp-content\/uploads\/2020\/09\/Drogue-chira-165x84.jpg 165w, \/\/aujourdhui.ma\/wp-content\/uploads\/2020\/09\/Drogue-chira-702x358.jpg 702w\" sizes=\"auto, (max-width: 300px) 100vw, 300px\"><\/p>\n<p><span style=\"color: #800000;\"><strong>Dans l\u2019ancienne m\u00e9dina, \u00e0 Casablanca, les \u00e9l\u00e9ments de la police judiciaire pr\u00e9fectorale ont arr\u00eat\u00e9, vendredi dernier, trois trafiquants de drogue et saisi plus de 600 kg de haschich dissimul\u00e9s dans de grands bidons en plastique.<\/strong><\/span><span id=\"more-380324\"><\/span><\/p>\n<p>Le premier membre de cette bande a \u00e9t\u00e9 \u00e9pingl\u00e9 \u00e0 bord d\u2019un taxi. Soumis aux interrogatoires, il a r\u00e9v\u00e9l\u00e9 les identit\u00e9s de ses deux complices qui ont \u00e9galement \u00e9t\u00e9 mis hors d\u2019\u00e9tat de nuire.<br \/>\nAu port de Tanger-Med, les \u00e9l\u00e9ments de la s\u00fbret\u00e9 nationale ont mis la main, le vendredi, sur une quantit\u00e9 de 6.000 comprim\u00e9s psychotropes, Rivotril, dissimul\u00e9e dans la cabine d\u2019un camion en provenance d\u2019un port d\u2019une ville espagnole. Le chauffeur, \u00e2g\u00e9 de cinquante ans, qui semble \u00eatre membre d\u2019un r\u00e9seau international de trafic de drogue, a \u00e9t\u00e9 maintenu en garde \u00e0 vue et soumis aux interrogatoires afin de d\u00e9terminer les ramifications \u00e9ventuelles de ce r\u00e9seau.<br \/>\nPar ailleurs \u00e0 El Jadida, trois personnes, \u00e2g\u00e9es entre 26 et 34 ans, dont une jeune femme, ont \u00e9t\u00e9 arr\u00eat\u00e9es, jeudi dernier, en possession de 630 comprim\u00e9s psychotropes, 4 kg de haschich, quelques grammes de coca\u00efne et 2 kg de Ma\u00e2ssel.<\/p>\n<\/div>\n<p>Auteur: Abderrafii ALOUMLIKI<br \/>\n<a href=\"https:\/\/aujourdhui.ma\/faits-divers\/des-trafiquants-de-drogue-epingles-a-casablanca-tanger-et-el-jadida\">Cliquez ici pour lire l&rsquo;article depuis sa source.<\/a><\/p>\n","protected":false},"excerpt":{"rendered":"<p>Dans l\u2019ancienne m\u00e9dina, \u00e0 Casablanca, les \u00e9l\u00e9ments de la police judiciaire pr\u00e9fectorale ont arr\u00eat\u00e9, vendredi dernier, trois trafiquants de drogue et saisi plus de 600 kg de haschich dissimul\u00e9s dans de grands bidons en plastique. Le premier membre de cette bande a \u00e9t\u00e9 \u00e9pingl\u00e9 \u00e0 bord d\u2019un taxi. Soumis aux interrogatoires, il a r\u00e9v\u00e9l\u00e9 les [&hellip;]<\/p>\n","protected":false},"author":1759,"featured_media":0,"comment_status":"closed","ping_status":"closed","sticky":false,"template":"","format":"standard","meta":{"fifu_image_url":"https:\/\/aujourdhui.ma\/wp-content\/uploads\/2020\/09\/Drogue-chira-300x153.jpg","fifu_image_alt":"Des trafiquants de drogue \u00e9pingl\u00e9s  \u00e0 Casablanca, Tanger et El Jadida","footnotes":""},"categories":[73,54],"tags":[],"class_list":["post-119829","post","type-post","status-publish","format-standard","hentry","category-actualite","category-maroc"],"_links":{"self":[{"href":"https:\/\/linitiative.ca\/International\/wp-json\/wp\/v2\/posts\/119829","targetHints":{"allow":["GET"]}}],"collection":[{"href":"https:\/\/linitiative.ca\/International\/wp-json\/wp\/v2\/posts"}],"about":[{"href":"https:\/\/linitiative.ca\/International\/wp-json\/wp\/v2\/types\/post"}],"author":[{"embeddable":true,"href":"https:\/\/linitiative.ca\/International\/wp-json\/wp\/v2\/users\/1759"}],"replies":[{"embeddable":true,"href":"https:\/\/linitiative.ca\/International\/wp-json\/wp\/v2\/comments?post=119829"}],"version-history":[{"count":0,"href":"https:\/\/linitiative.ca\/International\/wp-json\/wp\/v2\/posts\/119829\/revisions"}],"wp:attachment":[{"href":"https:\/\/linitiative.ca\/International\/wp-json\/wp\/v2\/media?parent=119829"}],"wp:term":[{"taxonomy":"category","embeddable":true,"href":"https:\/\/linitiative.ca\/International\/wp-json\/wp\/v2\/categories?post=119829"},{"taxonomy":"post_tag","embeddable":true,"href":"https:\/\/linitiative.ca\/International\/wp-json\/wp\/v2\/tags?post=119829"}],"curies":[{"name":"wp","href":"https:\/\/api.w.org\/{rel}","templated":true}]}}