{"id":119831,"date":"2021-06-28T14:00:00","date_gmt":"2021-06-28T18:00:00","guid":{"rendered":"https:\/\/linitiative.ca\/International\/lalgerie-au-pied-du-mur\/"},"modified":"2021-06-28T14:00:00","modified_gmt":"2021-06-28T18:00:00","slug":"lalgerie-au-pied-du-mur","status":"publish","type":"post","link":"https:\/\/linitiative.ca\/International\/lalgerie-au-pied-du-mur\/","title":{"rendered":"l\u2019Alg\u00e9rie, au pied du mur !"},"content":{"rendered":"<div>\n<p class=\"has-text-align-left has-vivid-cyan-blue-color has-text-color\"><strong>Lorsque feu Hassan II avait fait allusion au maudit voisinage \u00e0 l\u2019Est du royaume, Il y a bien des lustres, sa conjecture fut d\u2019une dext\u00e9rit\u00e9 infaillible. Pareil, quand il se lan\u00e7ait \u00e0 la construction de barrages un peu partout sur le territoire, tandis que la soldatesque alg\u00e9rienne se faisait fort de poss\u00e9der des puits p\u00e9troliers et gaziers, il avait vu juste, au fil du temps. A fortiori, un r\u00e9gime autocratique et dictatorial ne se soucie jamais de fonder un \u00c9tat civil o\u00f9 s\u2019ancrent les id\u00e9aux de la d\u00e9mocratie et la paix. Qu\u2019en est-il pour cette junte dont les ressources fossiles s\u2019amenuisent, les \u00e9meutes populaires se d\u00e9g\u00e9n\u00e8rent et les horizons salvateurs se cadenassent? La haine chronique qu\u2019elle porte, depuis des d\u00e9cennies \u00e0 l\u2019encontre de notre pays, est profond\u00e9ment attis\u00e9e par les d\u00e9boires successifs sur la sc\u00e8ne \u00e0 la fois diplomatique, socio-\u00e9conomique, culturelle et s\u00e9curitaire. Elle en devient sardoniquement obsessionnelle, par des actes faisant fi \u00e0 la proximit\u00e9, \u00e0 l\u2019histoire et \u00e0 la mutualit\u00e9 qui lient deux peuples limitrophes aux multiples similitudes.<\/strong><\/p>\n<p class=\"has-text-align-left has-black-color has-text-color\">La voracit\u00e9 aveuglante de leadership sur la r\u00e9gion, dont elle est pathologiquement atteinte, lui fait perdre le nord, au point d\u2019avoir toutes les populations sur le dos, r\u00e9clamant son d\u00e9part dans les rues en col\u00e8re. Pour se frayer une issue du c\u00f4t\u00e9 de l\u2019Atlantique, elle a beau comploter au sud, en pondant un ramassis s\u00e9paratiste en vue de faire fl\u00e9chir son rival, depuis presque un demi-si\u00e8cle, ses immondices s\u2019av\u00e8rent vaines. Elle a cru s\u2019appuyer sur la \u00ab\u00a0mis\u00e8re\u00a0\u00bb et surtout la \u00ab\u00a0candeur\u00bb de certains pays africains d\u00e9sabus\u00e9s. Elle se rendit compte que ces insanit\u00e9s furent, \u00e0 la longue, d\u00e9busqu\u00e9es par la justesse de la th\u00e8se marocaine. R\u00e9cemment, elle s\u2019humilie et discr\u00e9dite, lors du sommet du l\u00e9gislatif arabe, tenu au Caire, au terme duquel le communiqu\u00e9 final \u00e9tait rendu public. Tout en \u00a0\u00e9mettant l\u2019enti\u00e8re solidarit\u00e9 avec le royaume concernant le la crise bilat\u00e9rale, ainsi que le rejet de la r\u00e9solution de l\u2019Europe relative au conflit migratoire, les parlementaires ont salu\u00e9 les efforts marocains pour la lutte contre l\u2019\u00e9migration clandestine, reconnue dans le monde entier, en particulier les pays de la M\u00e9diterran\u00e9e. Ils ont m\u00eame jug\u00e9 bon de proc\u00e9der \u00e0 la mise en avant du dossier des enclaves marocaines encore sous l\u2019occupation ib\u00e9rique. Par contre, les galonn\u00e9s alg\u00e9rois s\u2019\u00e9taient soustraits de cette unanimit\u00e9 fond\u00e9e \u00e0 l\u2019\u00e9gard de notre pays, en formulant des r\u00e9serves de vilaine perfidie. Quand on se met \u00e0 prendre l\u2019eau de toutes parts, on tire \u00e0 l\u2019emporte-pi\u00e8ce, pour arriver \u00e0 combler ses instincts belliqueux, sans avoir froid aux yeux. Est-ce la fin d\u2019une imposture qui n\u2019a fait que durer pour une Alg\u00e9rie en qu\u00eate de la d\u00e9livrance\u00a0? On ne peut ind\u00e9finiment mentir au peuple, car \u00ab\u00a0le fil du mensonge est court\u00a0\u00bb, a-t-on l\u2019habitude de dire en pareilles circonstances.<\/p>\n<p>L\u2019article <a rel=\"nofollow\" href=\"http:\/\/albayane.press.ma\/lalgerie-au-pied-du-mur-2.html\">l\u2019Alg\u00e9rie, au pied du mur !<\/a> est apparu en premier sur <a rel=\"nofollow\" href=\"http:\/\/albayane.press.ma\/\">ALBAYANE<\/a>.<\/p>\n<\/div>\n<p>Auteur: M&rsquo;hammed rahal<br \/>\n<a href=\"http:\/\/albayane.press.ma\/lalgerie-au-pied-du-mur-2.html\">Cliquez ici pour lire l&rsquo;article depuis sa source.<\/a><\/p>\n","protected":false},"excerpt":{"rendered":"<p>Lorsque feu Hassan II avait fait allusion au maudit voisinage \u00e0 l\u2019Est du royaume, Il y a bien des lustres, sa conjecture fut d\u2019une dext\u00e9rit\u00e9 infaillible. Pareil, quand il se lan\u00e7ait \u00e0 la construction de barrages un peu partout sur le territoire, tandis que la soldatesque alg\u00e9rienne se faisait fort de poss\u00e9der des puits p\u00e9troliers [&hellip;]<\/p>\n","protected":false},"author":1760,"featured_media":0,"comment_status":"closed","ping_status":"closed","sticky":false,"template":"","format":"standard","meta":{"fifu_image_url":"","fifu_image_alt":"","footnotes":""},"categories":[73,54],"tags":[],"class_list":["post-119831","post","type-post","status-publish","format-standard","hentry","category-actualite","category-maroc"],"_links":{"self":[{"href":"https:\/\/linitiative.ca\/International\/wp-json\/wp\/v2\/posts\/119831","targetHints":{"allow":["GET"]}}],"collection":[{"href":"https:\/\/linitiative.ca\/International\/wp-json\/wp\/v2\/posts"}],"about":[{"href":"https:\/\/linitiative.ca\/International\/wp-json\/wp\/v2\/types\/post"}],"author":[{"embeddable":true,"href":"https:\/\/linitiative.ca\/International\/wp-json\/wp\/v2\/users\/1760"}],"replies":[{"embeddable":true,"href":"https:\/\/linitiative.ca\/International\/wp-json\/wp\/v2\/comments?post=119831"}],"version-history":[{"count":0,"href":"https:\/\/linitiative.ca\/International\/wp-json\/wp\/v2\/posts\/119831\/revisions"}],"wp:attachment":[{"href":"https:\/\/linitiative.ca\/International\/wp-json\/wp\/v2\/media?parent=119831"}],"wp:term":[{"taxonomy":"category","embeddable":true,"href":"https:\/\/linitiative.ca\/International\/wp-json\/wp\/v2\/categories?post=119831"},{"taxonomy":"post_tag","embeddable":true,"href":"https:\/\/linitiative.ca\/International\/wp-json\/wp\/v2\/tags?post=119831"}],"curies":[{"name":"wp","href":"https:\/\/api.w.org\/{rel}","templated":true}]}}