{"id":119832,"date":"2021-06-28T14:00:00","date_gmt":"2021-06-28T18:00:00","guid":{"rendered":"https:\/\/linitiative.ca\/International\/lunion-des-avocats-arabes-reitere-son-soutien-total-a-lintegrite-territoriale-du-royaume\/"},"modified":"2021-06-28T14:00:00","modified_gmt":"2021-06-28T18:00:00","slug":"lunion-des-avocats-arabes-reitere-son-soutien-total-a-lintegrite-territoriale-du-royaume","status":"publish","type":"post","link":"https:\/\/linitiative.ca\/International\/lunion-des-avocats-arabes-reitere-son-soutien-total-a-lintegrite-territoriale-du-royaume\/","title":{"rendered":"L\u2019Union des avocats arabes r\u00e9it\u00e8re son soutien total \u00e0 l\u2019int\u00e9grit\u00e9 territoriale du Royaume"},"content":{"rendered":"<div>\n<p class=\"has-text-align-center has-vivid-red-color has-text-color\"><strong>Elle rejette de toute atteinte \u00e0 la souverainet\u00e9 marocaine<\/strong><\/p>\n<p class=\"has-black-color has-text-color\"><strong>L\u2019Union des Avocats Arabes a r\u00e9it\u00e9r\u00e9 son soutien total \u00e0 l\u2019int\u00e9grit\u00e9 territoriale du Royaume du Maroc et son rejet de toute atteinte \u00e0 la souverainet\u00e9 marocaine.<\/strong><\/p>\n<p class=\"has-black-color has-text-color\">Dans un communiqu\u00e9 publi\u00e9 \u00e0 l\u2019issue des travaux de sa premi\u00e8re session de 2021, tenue les 25 et 26 juin \u00e0 Damas, le Bureau permanent de l\u2019Union a salu\u00e9 la proposition marocaine \u00ab\u00a0s\u00e9rieuse et d\u00e9mocratique\u00a0\u00bb d\u2019autonomie des provinces du Sud du Royaume.<\/p>\n<p class=\"has-black-color has-text-color\">D\u2019autre part, le bureau a exprim\u00e9 son \u00e9tonnement du traitement inhumain, violent et contraire \u00e0 toutes les conventions internationales des questions de migration et des migrants marocains, en particulier en ce qui concerne les mineurs, appelant le gouvernement espagnol au respect total de la Convention internationale sur les droits de l\u2019Enfant.<\/p>\n<p class=\"has-black-color has-text-color\">Il a salu\u00e9, \u00e0 cet \u00e9gard, la d\u00e9cision de Sa Majest\u00e9 le Roi Mohammed VI qui a appel\u00e9 les gouvernements europ\u00e9ens \u00e0 faciliter les proc\u00e9dures \u00e0 m\u00eame d\u2019assurer le retour de tous les mineurs marocains en coordination avec les Consulats marocains en Europe et dans le plein respect de la Convention relative aux droits des l\u2019Enfant.<\/p>\n<p class=\"has-black-color has-text-color\">Le bureau a \u00e9galement exprim\u00e9 son rejet de la r\u00e9solution du Parlement europ\u00e9en sur le Maroc, notant qu\u2019elle \u00abrefl\u00e8te un alignement europ\u00e9en injustifi\u00e9 sur la position de l\u2019Espagne, dans un \u00e9trange d\u00e9ni des relations de partenariat qui le lient avec le Royaume et dans une dangereuse transgression de ses comp\u00e9tences et des comp\u00e9tences des organes de l\u2019ONU se rapportant aux accords internationaux traitant des questions relatives aux enfants.<\/p>\n<p class=\"has-black-color has-text-color\">Le bureau permanent de l\u2019Union des Avocats Arabes a, ainsi, fait savoir qu\u2019il a charg\u00e9 le Secr\u00e9tariat g\u00e9n\u00e9ral d\u2019adresser une lettre au Parlement europ\u00e9en \u00e0 ce sujet.<\/p>\n<p class=\"has-black-color has-text-color\">Sur la question palestinienne, le bureau s\u2019est f\u00e9licit\u00e9 des efforts continus de Sa Majest\u00e9 le Roi Mohammed VI, en tant que Pr\u00e9sident du Comit\u00e9 Al-Qods, visant \u00e0 soutenir le peuple palestinien et la r\u00e9sistance des Maqdissis, en particulier apr\u00e8s les r\u00e9centes agressions perp\u00e9tr\u00e9es contre la Bande de Gaza et le si\u00e8ge qui lui est impos\u00e9 par les autorit\u00e9s d\u2019occupation isra\u00e9liennes.<\/p>\n<p>L\u2019article <a rel=\"nofollow\" href=\"http:\/\/albayane.press.ma\/lunion-des-avocats-arabes-reitere-son-soutien-total-a-lintegrite-territoriale-du-royaume.html\">L\u2019Union des avocats arabes r\u00e9it\u00e8re son soutien total \u00e0 l\u2019int\u00e9grit\u00e9 territoriale du Royaume<\/a> est apparu en premier sur <a rel=\"nofollow\" href=\"http:\/\/albayane.press.ma\/\">ALBAYANE<\/a>.<\/p>\n<\/div>\n<p>Auteur: M&rsquo;hammed rahal<br \/>\n<a href=\"http:\/\/albayane.press.ma\/lunion-des-avocats-arabes-reitere-son-soutien-total-a-lintegrite-territoriale-du-royaume.html\">Cliquez ici pour lire l&rsquo;article depuis sa source.<\/a><\/p>\n","protected":false},"excerpt":{"rendered":"<p>Elle rejette de toute atteinte \u00e0 la souverainet\u00e9 marocaine L\u2019Union des Avocats Arabes a r\u00e9it\u00e9r\u00e9 son soutien total \u00e0 l\u2019int\u00e9grit\u00e9 territoriale du Royaume du Maroc et son rejet de toute atteinte \u00e0 la souverainet\u00e9 marocaine. Dans un communiqu\u00e9 publi\u00e9 \u00e0 l\u2019issue des travaux de sa premi\u00e8re session de 2021, tenue les 25 et 26 juin [&hellip;]<\/p>\n","protected":false},"author":1760,"featured_media":0,"comment_status":"closed","ping_status":"closed","sticky":false,"template":"","format":"standard","meta":{"fifu_image_url":"","fifu_image_alt":"","footnotes":""},"categories":[73,54],"tags":[],"class_list":["post-119832","post","type-post","status-publish","format-standard","hentry","category-actualite","category-maroc"],"_links":{"self":[{"href":"https:\/\/linitiative.ca\/International\/wp-json\/wp\/v2\/posts\/119832","targetHints":{"allow":["GET"]}}],"collection":[{"href":"https:\/\/linitiative.ca\/International\/wp-json\/wp\/v2\/posts"}],"about":[{"href":"https:\/\/linitiative.ca\/International\/wp-json\/wp\/v2\/types\/post"}],"author":[{"embeddable":true,"href":"https:\/\/linitiative.ca\/International\/wp-json\/wp\/v2\/users\/1760"}],"replies":[{"embeddable":true,"href":"https:\/\/linitiative.ca\/International\/wp-json\/wp\/v2\/comments?post=119832"}],"version-history":[{"count":0,"href":"https:\/\/linitiative.ca\/International\/wp-json\/wp\/v2\/posts\/119832\/revisions"}],"wp:attachment":[{"href":"https:\/\/linitiative.ca\/International\/wp-json\/wp\/v2\/media?parent=119832"}],"wp:term":[{"taxonomy":"category","embeddable":true,"href":"https:\/\/linitiative.ca\/International\/wp-json\/wp\/v2\/categories?post=119832"},{"taxonomy":"post_tag","embeddable":true,"href":"https:\/\/linitiative.ca\/International\/wp-json\/wp\/v2\/tags?post=119832"}],"curies":[{"name":"wp","href":"https:\/\/api.w.org\/{rel}","templated":true}]}}