{"id":119834,"date":"2021-06-28T14:00:00","date_gmt":"2021-06-28T18:00:00","guid":{"rendered":"https:\/\/linitiative.ca\/International\/lancement-de-la-campagne-solide-face-au-covid-avec-achraf-hakimi\/"},"modified":"2021-06-28T14:00:00","modified_gmt":"2021-06-28T18:00:00","slug":"lancement-de-la-campagne-solide-face-au-covid-avec-achraf-hakimi","status":"publish","type":"post","link":"https:\/\/linitiative.ca\/International\/lancement-de-la-campagne-solide-face-au-covid-avec-achraf-hakimi\/","title":{"rendered":"Lancement de la campagne \u00ab Solide face au Covid \u00bb avec Achraf Hakimi"},"content":{"rendered":"<div>\n<p class=\"has-text-align-center has-vivid-red-color has-text-color\"><strong>Unicef-Maroc<\/strong><\/p>\n<p class=\"has-black-color has-text-color\"><strong>Le bureau du Fonds des Nations unies pour l\u2019enfance (Unicef) au Maroc a lanc\u00e9, lundi, la nouvelle campagne \u00ab\u00a0Solide face au Covid\u00a0\u00bb pour sensibiliser \u00e0 l\u2019importance de maintenir la mobilisation individuelle et collective face \u00e0 la pand\u00e9mie de Covid-19.<\/strong><\/p>\n<p class=\"has-black-color has-text-color\">Dans un communiqu\u00e9, l\u2019Unicef-Maroc indique que cette campagne est port\u00e9e par l\u2019international marocain Achraf Hakimi, champion des droits de l\u2019enfant, Meryem Amjoune et Chef Omar, jeunes d\u00e9fenseurs des droits de l\u2019enfant aupr\u00e8s de l\u2019Unicef Maroc.<\/p>\n<p class=\"has-black-color has-text-color\">Face a la r\u00e9cente \u00e9volution de la situation de la pand\u00e9mie du Covid-19 au Maroc, le maintien de la vigilance est le message cl\u00e9 de la nouvelle campagne de communication que lance l\u2019Unicef au Maroc pour soutenir les efforts des enfants et de leurs communaut\u00e9s afin de continuer \u00e0 mieux se prot\u00e9ger vis-\u00e0-vis du Covid19, souligne la m\u00eame source.<\/p>\n<p class=\"has-black-color has-text-color\">\u00ab\u00a0La pers\u00e9v\u00e9rance, la discipline et la patience sont les ingr\u00e9dients principaux de tout succ\u00e8s. Nous estimons que ce sont les m\u00eames cl\u00e9s de succ\u00e8s qui s\u2019appliquent pour vaincre la pand\u00e9mie\u00a0\u00bb, explique Giovanna Barberis, Repr\u00e9sentante de l\u2019Unicef au Maroc, cit\u00e9e dans le communiqu\u00e9.<\/p>\n<p class=\"has-black-color has-text-color\">Pour Achraf Hakimi, \u00ab\u00a0le match contre corona n\u2019est pas encore fini. Pour la battre, nous devons continuer \u00e0 \u00eatre disciplin\u00e9s et respecter les mesures de pr\u00e9vention\u00a0\u00bb. Les trois c\u00e9l\u00e9brit\u00e9s engag\u00e9es dans la campagne porteront les messages cl\u00e9s de cette op\u00e9ration, conclut le communiqu\u00e9.\u00a0<\/p>\n<p>L\u2019article <a rel=\"nofollow\" href=\"http:\/\/albayane.press.ma\/lancement-de-la-campagne-solide-face-au-covid-avec-achraf-hakimi.html\">Lancement de la campagne \u00ab Solide face au Covid \u00bb avec Achraf Hakimi<\/a> est apparu en premier sur <a rel=\"nofollow\" href=\"http:\/\/albayane.press.ma\/\">ALBAYANE<\/a>.<\/p>\n<\/div>\n<p>Auteur: M&rsquo;hammed rahal<br \/>\n<a href=\"http:\/\/albayane.press.ma\/lancement-de-la-campagne-solide-face-au-covid-avec-achraf-hakimi.html\">Cliquez ici pour lire l&rsquo;article depuis sa source.<\/a><\/p>\n","protected":false},"excerpt":{"rendered":"<p>Unicef-Maroc Le bureau du Fonds des Nations unies pour l\u2019enfance (Unicef) au Maroc a lanc\u00e9, lundi, la nouvelle campagne \u00ab\u00a0Solide face au Covid\u00a0\u00bb pour sensibiliser \u00e0 l\u2019importance de maintenir la mobilisation individuelle et collective face \u00e0 la pand\u00e9mie de Covid-19. Dans un communiqu\u00e9, l\u2019Unicef-Maroc indique que cette campagne est port\u00e9e par l\u2019international marocain Achraf Hakimi, [&hellip;]<\/p>\n","protected":false},"author":1760,"featured_media":0,"comment_status":"closed","ping_status":"closed","sticky":false,"template":"","format":"standard","meta":{"fifu_image_url":"","fifu_image_alt":"","footnotes":""},"categories":[73,54],"tags":[],"class_list":["post-119834","post","type-post","status-publish","format-standard","hentry","category-actualite","category-maroc"],"_links":{"self":[{"href":"https:\/\/linitiative.ca\/International\/wp-json\/wp\/v2\/posts\/119834","targetHints":{"allow":["GET"]}}],"collection":[{"href":"https:\/\/linitiative.ca\/International\/wp-json\/wp\/v2\/posts"}],"about":[{"href":"https:\/\/linitiative.ca\/International\/wp-json\/wp\/v2\/types\/post"}],"author":[{"embeddable":true,"href":"https:\/\/linitiative.ca\/International\/wp-json\/wp\/v2\/users\/1760"}],"replies":[{"embeddable":true,"href":"https:\/\/linitiative.ca\/International\/wp-json\/wp\/v2\/comments?post=119834"}],"version-history":[{"count":0,"href":"https:\/\/linitiative.ca\/International\/wp-json\/wp\/v2\/posts\/119834\/revisions"}],"wp:attachment":[{"href":"https:\/\/linitiative.ca\/International\/wp-json\/wp\/v2\/media?parent=119834"}],"wp:term":[{"taxonomy":"category","embeddable":true,"href":"https:\/\/linitiative.ca\/International\/wp-json\/wp\/v2\/categories?post=119834"},{"taxonomy":"post_tag","embeddable":true,"href":"https:\/\/linitiative.ca\/International\/wp-json\/wp\/v2\/tags?post=119834"}],"curies":[{"name":"wp","href":"https:\/\/api.w.org\/{rel}","templated":true}]}}