{"id":119835,"date":"2021-06-28T14:00:00","date_gmt":"2021-06-28T18:00:00","guid":{"rendered":"https:\/\/linitiative.ca\/International\/frederic-dard-100-ans-400-romans\/"},"modified":"2021-06-28T14:00:00","modified_gmt":"2021-06-28T18:00:00","slug":"frederic-dard-100-ans-400-romans","status":"publish","type":"post","link":"https:\/\/linitiative.ca\/International\/frederic-dard-100-ans-400-romans\/","title":{"rendered":"Fr\u00e9d\u00e9ric Dard, 100 ans, 400 romans"},"content":{"rendered":"<div>\n<p class=\"has-text-align-center has-vivid-red-color has-text-color\"><strong>Un succ\u00e8s impossible aujourd\u2019hui<\/strong><\/p>\n<p class=\"has-black-color has-text-color\"><strong>Un total de 175 romans a li\u00e9 \u00e0 jamais le nom de l\u2019\u00e9crivain fran\u00e7ais Fr\u00e9d\u00e9ric Dard \u00e0 celui de son personnage, le policier San-Antonio. Et ce n\u2019est m\u00eame pas la moiti\u00e9 de l\u2019oeuvre surabondante de cet \u00e9crivain qui aurait eu 100 ans mardi.<\/strong><\/p>\n<p class=\"has-black-color has-text-color\">Il est n\u00e9 le 29 juin 1921 dans une famille modeste de Bourgoin-Jallieu (Is\u00e8re, centre-est). Et il a fini, dans les ann\u00e9es 1970, par abandonner son propre nom sur la couverture, pour signer \u00ab\u00a0San-Antonio\u00a0\u00bb, y compris pour un livre \u00e9mouvant o\u00f9 il \u00e9voque l\u2019enl\u00e8vement de sa fille, \u00ab\u00a0Faut-il tuer les petits gar\u00e7ons qui ont les mains sur les hanches?\u00a0\u00bb (1984).<br \/>Ce pseudonyme archic\u00e9l\u00e8bre garantissait le succ\u00e8s en librairie \u00e0 une \u00e9poque. Quitte \u00e0 inonder le march\u00e9: Dard meurt en 2000 avec plus de 400 romans au catalogue.<\/p>\n<p class=\"has-black-color has-text-color\">Interrog\u00e9 en 1978 alors qu\u2019il approchait les 100 millions d\u2019exemplaires vendus, il r\u00e9pondait \u00e0 la radio publique suisse: \u00ab\u00a0C\u2019est fabuleux, et j\u2019en remercie le ciel d\u2019ailleurs!\u00a0\u00bb<\/p>\n<p class=\"has-black-color has-text-color\">\u00ab\u00a0J\u2019ai eu des d\u00e9buts tr\u00e8s difficiles, j\u2019ai crev\u00e9 de faim (\u2026) J\u2019ai une esp\u00e8ce d\u2019inqui\u00e9tude: je me dis que c\u2019est pas possible qu\u2019une chose pareille arrive \u00e0 un homme, et puis que \u00e7a continue toujours! \u00c7a va fatalement cesser\u00a0\u00bb, avouait-il.<br \/>Les ventes d\u00e9passent \u00e0 pr\u00e9sent 250 millions d\u2019exemplaires vendus, selon un comptage inv\u00e9rifiable.<\/p>\n<p class=\"has-black-color has-text-color\">Ce succ\u00e8s impossible aujourd\u2019hui est le fruit d\u2019une boulimie d\u2019\u00e9criture, mais \u00e9galement d\u2019une exigence de son \u00e9diteur, qui lui assurait des droits d\u2019auteur confortables\u2026 \u00e0 la condition expresse qu\u2019il tienne la cadence de plusieurs livraisons par an.<\/p>\n<p class=\"has-black-color has-text-color\">\u00ab\u00a0Pour Fr\u00e9d\u00e9ric Dard c\u2019\u00e9tait une drogue. Les t\u00e9moignages de ses proches concordent: vous le laissiez deux ou trois jours sans \u00e9crire et il devenait invivable\u00a0\u00bb, raconte \u00e0 l\u2019AFP Maxime Gillio, vice-pr\u00e9sident de l\u2019Association des amis de San-Antonio.<\/p>\n<p class=\"has-black-color has-text-color\">\u00ab\u00a0La strat\u00e9gie marketing de son \u00e9diteur, Armand de Caro, est aussi un ph\u00e9nom\u00e8ne compl\u00e8tement inimaginable de nos jours. Le moindre bar-tabac au fin fond du Cantal (r\u00e9gion peu peupl\u00e9e du centre, ndlr) devait avoir un pr\u00e9sentoir avec des San-Antonio. Et il n\u2019y avait pas de retours possibles pour les invendus!\u00a0\u00bb, ajoute-t-il.<\/p>\n<p class=\"has-black-color has-text-color\">Aucun auteur \u00e0 succ\u00e8s, quelle que soit sa productivit\u00e9, n\u2019accepterait ce type de conditions. Am\u00e9lie Nothomb r\u00e9v\u00e9lait ainsi d\u00e9but juin \u00e0 ActuaLitt\u00e9 \u00eatre \u00ab\u00a0en train d\u2019\u00e9crire [son] 102e manuscrit\u00a0\u00bb, mais n\u2019en donne qu\u2019un par an \u00e0 Albin Michel. Quant aux grandes maisons d\u2019\u00e9dition, elles d\u00e9testeraient qu\u2019on les accuse de sacrifier la qualit\u00e9 \u00e0 la quantit\u00e9.<\/p>\n<p class=\"has-black-color has-text-color\">\u00ab\u00a0Il y a de petits \u00e9diteurs en difficult\u00e9 qui publient au kilom\u00e8tre, en esp\u00e9rant qu\u2019un titre sortira du lot. Ce n\u2019est pas la solution. C\u2019est comme quand on se noie et qu\u2019on se raccroche \u00e0 n\u2019importe quoi, parce qu\u2019on panique\u00a0\u00bb, affirmait \u00e0 l\u2019AFP le pr\u00e9sident du Syndicat national des \u00e9diteurs, Vincent Montagne, \u00e0 l\u2019occasion du bilan annuel du secteur.<br \/>Si Fr\u00e9d\u00e9ric Dard est toujours publi\u00e9, c\u2019est de mani\u00e8re bien plus raisonn\u00e9e.<\/p>\n<p class=\"has-black-color has-text-color\">Son \u00e9diteur historique, Fleuve, a sorti le 24 juin \u00ab\u00a0Des nouvelles de moi\u00a0\u00bb, recueil de 222 fictions br\u00e8ves \u00e9crites entre 1940 et 1985. Les r\u00e9unir fut un travail de fourmi. L\u2019auteur lui-m\u00eame avait oubli\u00e9 certains des pseudonymes ou des intrigues datant des \u00e9poques o\u00f9 il tirait le diable par la queue.<\/p>\n<p class=\"has-black-color has-text-color\">Loin d\u2019\u00eatre d\u00e9valu\u00e9e, \u00ab\u00a0la plus grande partie de ces contes et nouvelles n\u2019est connue que des collectionneurs, et leurs publications d\u2019origine se vend \u00e0 prix d\u2019or\u00a0\u00bb, souligne dans la pr\u00e9face Alexandre Cl\u00e9ment, qui a coordonn\u00e9 ce volume de pr\u00e8s de 600 pages.<\/p>\n<p class=\"has-black-color has-text-color\">Quant \u00e0 la s\u00e9rie compl\u00e8te des San-Antonio, ce cocktail d\u2019action, d\u2019humour et d\u2019argot, elle est rassembl\u00e9e sous forme \u00e9lectronique, chez les \u00e9ditions 12-21, par d\u00e9cennie. Les ann\u00e9es 80 sont les plus prolifiques (41 romans), mais les fans vous diront souvent que les meilleurs polars se situent dans les ann\u00e9es 50 (37 romans) ou 60 (35 romans).<\/p>\n<p class=\"has-black-color has-text-color\">Les \u00ab\u00a0100 piges\u00a0\u00bb de Fr\u00e9d\u00e9ric Dard sont f\u00eat\u00e9es, par un parcours touristique et des projections de film, aux Mureaux, la ville de la banlieue parisienne o\u00f9 il s\u2019\u00e9tait install\u00e9 en 1949 pour r\u00e9ussir comme journaliste \u00e0 Paris, et o\u00f9 il a cr\u00e9\u00e9 le personnage de San-Antonio.<\/p>\n<p>L\u2019article <a rel=\"nofollow\" href=\"http:\/\/albayane.press.ma\/frederic-dard-100-ans-400-romans.html\">Fr\u00e9d\u00e9ric Dard, 100 ans, 400 romans<\/a> est apparu en premier sur <a rel=\"nofollow\" href=\"http:\/\/albayane.press.ma\/\">ALBAYANE<\/a>.<\/p>\n<\/div>\n<p>Auteur: M&rsquo;hammed rahal<br \/>\n<a href=\"http:\/\/albayane.press.ma\/frederic-dard-100-ans-400-romans.html\">Cliquez ici pour lire l&rsquo;article depuis sa source.<\/a><\/p>\n","protected":false},"excerpt":{"rendered":"<p>Un succ\u00e8s impossible aujourd\u2019hui Un total de 175 romans a li\u00e9 \u00e0 jamais le nom de l\u2019\u00e9crivain fran\u00e7ais Fr\u00e9d\u00e9ric Dard \u00e0 celui de son personnage, le policier San-Antonio. Et ce n\u2019est m\u00eame pas la moiti\u00e9 de l\u2019oeuvre surabondante de cet \u00e9crivain qui aurait eu 100 ans mardi. Il est n\u00e9 le 29 juin 1921 dans [&hellip;]<\/p>\n","protected":false},"author":1760,"featured_media":0,"comment_status":"closed","ping_status":"closed","sticky":false,"template":"","format":"standard","meta":{"fifu_image_url":"","fifu_image_alt":"","footnotes":""},"categories":[73,54],"tags":[],"class_list":["post-119835","post","type-post","status-publish","format-standard","hentry","category-actualite","category-maroc"],"_links":{"self":[{"href":"https:\/\/linitiative.ca\/International\/wp-json\/wp\/v2\/posts\/119835","targetHints":{"allow":["GET"]}}],"collection":[{"href":"https:\/\/linitiative.ca\/International\/wp-json\/wp\/v2\/posts"}],"about":[{"href":"https:\/\/linitiative.ca\/International\/wp-json\/wp\/v2\/types\/post"}],"author":[{"embeddable":true,"href":"https:\/\/linitiative.ca\/International\/wp-json\/wp\/v2\/users\/1760"}],"replies":[{"embeddable":true,"href":"https:\/\/linitiative.ca\/International\/wp-json\/wp\/v2\/comments?post=119835"}],"version-history":[{"count":0,"href":"https:\/\/linitiative.ca\/International\/wp-json\/wp\/v2\/posts\/119835\/revisions"}],"wp:attachment":[{"href":"https:\/\/linitiative.ca\/International\/wp-json\/wp\/v2\/media?parent=119835"}],"wp:term":[{"taxonomy":"category","embeddable":true,"href":"https:\/\/linitiative.ca\/International\/wp-json\/wp\/v2\/categories?post=119835"},{"taxonomy":"post_tag","embeddable":true,"href":"https:\/\/linitiative.ca\/International\/wp-json\/wp\/v2\/tags?post=119835"}],"curies":[{"name":"wp","href":"https:\/\/api.w.org\/{rel}","templated":true}]}}