{"id":119837,"date":"2021-06-29T12:35:14","date_gmt":"2021-06-29T16:35:14","guid":{"rendered":"https:\/\/linitiative.ca\/International\/ensemble-pour-une-afrique-gagnante-le-projet-agri-tech-tunisia-tremplin-vers-les-marches-africains\/"},"modified":"2021-06-29T12:35:14","modified_gmt":"2021-06-29T16:35:14","slug":"ensemble-pour-une-afrique-gagnante-le-projet-agri-tech-tunisia-tremplin-vers-les-marches-africains","status":"publish","type":"post","link":"https:\/\/linitiative.ca\/International\/ensemble-pour-une-afrique-gagnante-le-projet-agri-tech-tunisia-tremplin-vers-les-marches-africains\/","title":{"rendered":"\u201cEnsemble pour une Afrique gagnante\u00a0!  Le projet \u00ab\u00a0Agri-Tech Tunisia\u00a0\u00bb tremplin vers les march\u00e9s Africains \u00bb"},"content":{"rendered":"<div>\n<p>\u00a0<\/p>\n<p><strong>Tunis, le 28 juin 2021<\/strong>\u00a0: D\u00e9velopp\u00e9 par la soci\u00e9t\u00e9 tunisienne STECIA International, le programme \u00ab\u00a0<strong>Agri-tech Tunisia<\/strong>\u00a0\u00bb, offre aux startups l\u2019expertise, le savoir-faire, la motivation et le r\u00e9seautage n\u00e9cessaire afin d\u2019internationaliser leurs entreprises et exporter leur savoir-faire technologique et leurs solutions dans le domaine agricole vers l\u2019Afrique de l\u2019Ouest, en commen\u00e7ant par le S\u00e9n\u00e9gal. Ce projet est soutenu par Innov\u2019i \u2013 EU4Innovation, projet financ\u00e9 par l\u2019Union europ\u00e9enne et mis en \u0153uvre par Expertise France qui vise \u00e0 soutenir le renforcement, la structuration et la valorisation de l\u2019\u00e9cosyst\u00e8me de l\u2019innovation et de l\u2019entrepreneuriat tunisien.<\/p>\n<p>\u00a0<\/p>\n<p>Dans ce cadre, le projet <strong>\u00ab\u00a0Agri-Tech Tunisia\u00a0\u00bb<\/strong> fournit un appui marketing et un coaching personnalis\u00e9 pour les startups \u00e9tablies du secteur agri-tech ayant des solutions en phase de commercialisation. Le but ultime du projet \u00e9tant de promouvoir la Tunisie, pays du \u00ab\u00a0Startup Act\u00a0\u00bb en tant que source de solutions high-tech pour le secteur de l\u2019agriculture, et ce en r\u00e9pondant aux besoins des entreprises agricoles et agroalimentaires ouest-africaines avec des produits innovants et adapt\u00e9s.<\/p>\n<p>\u00a0<\/p>\n<p>Avec l\u2019entr\u00e9e en vigueur de la ZLECAF (Zone de libre \u00c9change Continentale Africaine), cette approche Win Win vise \u00e0 encourager une meilleure int\u00e9gration sous-r\u00e9gionale \u00e0 travers une collaboration effective de l\u2019\u00e9cosyst\u00e8me entrepreneurial dans les secteurs des technologies et de l\u2019agriculture. Le projet aboutira \u00e0 la signature d\u2019accords commerciaux pour, d\u2019une part, ancrer \u00a0\u00a0le positionnement pionnier des startups Tunisiennes dans le secteur de l\u2019agri-tech, et d\u2019autre part, pour contribuer \u00e0 l\u2019augmentation de la production agricole africaine en quantit\u00e9 et en qualit\u00e9.<\/p>\n<p>\u00a0<\/p>\n<p>Ce projet d\u00e9bute aujourd\u2019hui, par une campagne de sensibilisation et un appel \u00e0 candidature au profit des startupers dans le domaine de l\u2019agri-tech, pour les encourager \u00e0 s\u2019inscrire sur la plateforme \u00ab\u00a0<a href=\"http:\/\/www.agri-tech.tn\/\">www.agri-tech.tn<\/a>\u00bb. Un processus de s\u00e9lection rigoureux et transparent pilot\u00e9 par un jury compos\u00e9 d\u2019experts nationaux et internationaux de haut niveau retiendra 5 b\u00e9n\u00e9ficiaires.<\/p>\n<p>\u00a0<\/p>\n<p>Ensuite, le projet assurera une campagne de communication aupr\u00e8s des entreprises s\u00e9n\u00e9galaises qui souhaitent booster leur production \u00e0 travers une collaboration avec les soci\u00e9t\u00e9s Tunisiennes proposant des solutions adapt\u00e9es \u00e0 leurs besoins.<\/p>\n<p>\u00a0<\/p>\n<p>Enfin, la troisi\u00e8me phase du projet consiste en l\u2019organisation d\u2019un grand \u00e9v\u00e8nement B2B et B2C \u00e0 Dakar au mois de mars 2022 afin de sceller les partenariats entre institutions et des accords commerciaux entre acteurs \u00e9conomiques.<\/p>\n<p>\u00a0<\/p>\n<p>\u00ab\u00a0<em>Nous nous sommes positionn\u00e9s depuis quelques ann\u00e9es d\u00e9j\u00e0 dans le secteur tr\u00e8s porteur et innovant de l\u2019agri-tech que ce soit en Afrique ou dans la r\u00e9gion MENA<\/em>\u00a0\u00bb pr\u00e9cise <strong>Walid Gaddas, Directeur G\u00e9n\u00e9ral de STECIA International<\/strong>. \u00ab\u00a0<em>Notre but est v\u00e9ritablement de renforcer l\u2019\u00e9cosyst\u00e8me entrepreneurial dans ce domaine pour r\u00e9pondre \u00e0 des urgences d\u00a0\u2019actualit\u00e9 tel que les probl\u00e9matiques du changement climatique, de la rar\u00e9faction des ressources naturelles, de la s\u00e9curit\u00e9 alimentaire, mais aussi de la cr\u00e9ation d\u2019emploi \u00e0 forte valeur ajout\u00e9e, de la croissance \u00e9conomique et du positionnement strat\u00e9gique pour la Tunisie sur le continent africain<\/em>. Nous avons un acquis \u00e0 pr\u00e9server et \u00e0 renforcer avec une excellente image dans les domaines \u00e0 la pointe de la tech\u00a0\u00bb.<\/p>\n<p>\u00a0<\/p>\n<p>Selon la FAO, la population mondiale va atteindre 9,1 milliards de personnes d\u2019ici 2050, dont 2 milliards en Afrique, et pour nourrir cette population, la production alimentaire va devoir augmenter de 70%. La digitalisation de l\u2019agriculture \u00e0 travers les agri-tech est une des solutions les plus efficaces pour r\u00e9pondre \u00e0 ce d\u00e9fi. De nombreux gouvernements Africains avec l\u2019appui des bailleurs de fonds internationaux sont en cours d\u2019\u00e9laboration des strat\u00e9gies pour d\u00e9velopper l\u2019utilisation de ces technologies. C\u2019est donc le moment ad\u00e9quat pour les startups tunisiennes de se positionner sur ces march\u00e9s en plein essor.<\/p>\n<p>\u00a0<\/p>\n<p>L\u2019avenir appartient \u00e0 l\u2019Afrique, le continent de la croissance et des opportunit\u00e9s. Dans une optique de d\u00e9veloppement Sud-sud, l\u2019Afrique appartient aux entrepreneurs et innovateurs pour qui chaque probl\u00e8me est reconfigur\u00e9 en opportunit\u00e9.<\/p>\n<p>\u00a0<\/p>\n<p>\u00a0<\/p>\n<\/div>\n<p>Auteur: L&rsquo;expert<br \/>\n<a href=\"http:\/\/lexpertjournal.net\/fr\/?p=20536\">Cliquez ici pour lire l&rsquo;article depuis sa source.<\/a><\/p>\n","protected":false},"excerpt":{"rendered":"<p>\u00a0 Tunis, le 28 juin 2021\u00a0: D\u00e9velopp\u00e9 par la soci\u00e9t\u00e9 tunisienne STECIA International, le programme \u00ab\u00a0Agri-tech Tunisia\u00a0\u00bb, offre aux startups l\u2019expertise, le savoir-faire, la motivation et le r\u00e9seautage n\u00e9cessaire afin d\u2019internationaliser leurs entreprises et exporter leur savoir-faire technologique et leurs solutions dans le domaine agricole vers l\u2019Afrique de l\u2019Ouest, en commen\u00e7ant par le S\u00e9n\u00e9gal. Ce [&hellip;]<\/p>\n","protected":false},"author":1775,"featured_media":0,"comment_status":"closed","ping_status":"closed","sticky":false,"template":"","format":"standard","meta":{"fifu_image_url":"","fifu_image_alt":"","footnotes":""},"categories":[78,55],"tags":[],"class_list":["post-119837","post","type-post","status-publish","format-standard","hentry","category-economie","category-tunisie"],"_links":{"self":[{"href":"https:\/\/linitiative.ca\/International\/wp-json\/wp\/v2\/posts\/119837","targetHints":{"allow":["GET"]}}],"collection":[{"href":"https:\/\/linitiative.ca\/International\/wp-json\/wp\/v2\/posts"}],"about":[{"href":"https:\/\/linitiative.ca\/International\/wp-json\/wp\/v2\/types\/post"}],"author":[{"embeddable":true,"href":"https:\/\/linitiative.ca\/International\/wp-json\/wp\/v2\/users\/1775"}],"replies":[{"embeddable":true,"href":"https:\/\/linitiative.ca\/International\/wp-json\/wp\/v2\/comments?post=119837"}],"version-history":[{"count":0,"href":"https:\/\/linitiative.ca\/International\/wp-json\/wp\/v2\/posts\/119837\/revisions"}],"wp:attachment":[{"href":"https:\/\/linitiative.ca\/International\/wp-json\/wp\/v2\/media?parent=119837"}],"wp:term":[{"taxonomy":"category","embeddable":true,"href":"https:\/\/linitiative.ca\/International\/wp-json\/wp\/v2\/categories?post=119837"},{"taxonomy":"post_tag","embeddable":true,"href":"https:\/\/linitiative.ca\/International\/wp-json\/wp\/v2\/tags?post=119837"}],"curies":[{"name":"wp","href":"https:\/\/api.w.org\/{rel}","templated":true}]}}