{"id":119839,"date":"2021-06-29T12:35:17","date_gmt":"2021-06-29T16:35:17","guid":{"rendered":"https:\/\/linitiative.ca\/International\/la-pandemie-et-les-irresponsables-politiques\/"},"modified":"2021-06-29T12:35:17","modified_gmt":"2021-06-29T16:35:17","slug":"la-pandemie-et-les-irresponsables-politiques","status":"publish","type":"post","link":"https:\/\/linitiative.ca\/International\/la-pandemie-et-les-irresponsables-politiques\/","title":{"rendered":"La pand\u00e9mie et les (ir)responsables politiques"},"content":{"rendered":"<div>\n<div class=\"td-post-content\">\n<h2>L\u2019acc\u00e9l\u00e9ration de la pand\u00e9mie de Covid-19 se confirme en Tunisie. M\u00e9caniquement, son bilan s\u2019aggrave aussi. Et ce, malgr\u00e9 la mobilisation des initiatives individuelles ou collectives issues de la soci\u00e9t\u00e9 civile et les mesures de restrictions prises par le gouvernement pour faire face \u00e0 cette nouvelle vague. Un bilan macabre qui d\u00e9passe les 14 000 morts, qui ne cesse de mettre \u00e0 nu les insuffisances en mati\u00e8re d\u2019infrastructures, de mat\u00e9riels et de personnels administratifs et sanitaires. Tout en pla\u00e7ant la classe politique et l\u2019appareil bureaucratique face \u00e0 ses propres responsabilit\u00e9s et turpitudes.<\/h2>\n<p>Derri\u00e8re les incoh\u00e9rences et contradictions de la communication officielle, une r\u00e9alit\u00e9 implacable s\u2019impose \u00e0 nous. Celle d\u2019un \u00c9tat qui se trouve largement d\u00e9sarm\u00e9 et d\u00e9sorganis\u00e9 face \u00e0 un virus. Partant, l\u00e0 est aussi une crise de confiance et de l\u00e9gitimit\u00e9 de l\u2019action publique. En effet, nous n\u2019avons plus beaucoup d\u2019estime pour ce que font les gouvernants, malmen\u00e9s au sommet de l\u2019\u00c9tat, face \u00e0 la pand\u00e9mie.<\/p>\n<p>L\u2019impr\u00e9paration et l\u2019incurie de certaines administrations du secteur sanitaire s\u2019expliquent par des choix politiques (synonymes de coupes budg\u00e9taires et de r\u00e9ductions d\u2019effectifs); ainsi que par le vide abyssal en mati\u00e8re de vision strat\u00e9gique au sommet de l\u2019Etat. La crise sanitaire\u2013 notamment \u00e0 travers les d\u00e9cisions en mati\u00e8re de gestion des stocks de masques\u2013 a d\u00e9voil\u00e9 avec force les cons\u00e9quences du processus de d\u00e9responsabilisation et de \u00ab d\u00e9s\u00e9tatisation \u00bb des politiques publiques \u00e0 l\u2019\u0153uvre, depuis au moins l\u2019\u00e8re Ben Ali. Au-del\u00e0 de ce constat implacable, c\u2019est la croyance m\u00eame dans l\u2019Etat qui se pose au sortir de cette crise .<\/p>\n<h2>Un Etat faible, vuln\u00e9rable et faillible<\/h2>\n<p>La tradition politico-administrative de la Tunisie est celle d\u2019un Etat fort. Celui-ci se r\u00e9v\u00e8le particuli\u00e8rement faible. La crise syst\u00e9mique provoqu\u00e9e par le coronavirus interroge le r\u00f4le de l\u2019Etat et les moyens dont il dispose. D\u2019un c\u00f4t\u00e9, face \u00e0 l\u2019urgence sanitaire, \u00e9conomique et sociale, les citoyens en ont appel\u00e9 instinctivement \u00e0 un Etat protecteur, instance de premier et de dernier recours. De l\u2019autre, ce m\u00eame Etat s\u2019est montr\u00e9 vuln\u00e9rable, faillible et incapable de r\u00e9pondre aux besoins exprim\u00e9s par ses citoyens. Ainsi, si ses agents (hospitaliers, de l\u2019enseignement, de l\u2019action sociale, etc.) se montrent dignes de leur mission de service public, la d\u00e9faillance de nombre de ses dirigeants politiques et bureaucratiques affecte la confiance dans ceux qui doivent incarner l\u2019int\u00e9r\u00eat commun.<\/p>\n<p>Malgr\u00e9 un climat toujours anxiog\u00e8ne, c\u2019est moins la peur que le sentiment de col\u00e8re qui habite les Tunisiens. La crise sanitaire li\u00e9e \u00e0 l\u2019\u00e9pid\u00e9mie (devenue pand\u00e9mie) de\u00a0<a href=\"https:\/\/www.leconomistemaghrebin.com\/2021\/06\/27\/covid-19-90-deces-et-4664-contaminations-enregistres-le-25-juin-2021\/\" target=\"_blank\" rel=\"noopener noreferrer\">Covid-19<\/a>\u00a0consolide la fracture entre les citoyens et leurs dirigeants, qui caract\u00e9risait d\u00e9j\u00e0 une V\u00e8me R\u00e9publique englu\u00e9e dans une \u00ab d\u00e9mocratie de la d\u00e9fiance \u00bb. Malgr\u00e9 des circonstances dramatiques propices aux appels \u00e0 l\u2019unit\u00e9 nationale, une d\u00e9fiance pr\u00e9gnante s\u2019est ancr\u00e9e dans l\u2019opinion. La strat\u00e9gie retenue par l\u2019ex\u00e9cutif qui consiste \u00e0 ne rien mettre en d\u00e9bat a accentu\u00e9 cette distorsion entre le peuple et ses gouvernants.<\/p>\n<blockquote>\n<h2>Les responsables auront \u00e0 r\u00e9pondre de leur d\u00e9faillance<\/h2>\n<\/blockquote>\n<p>Aujourd\u2019hui, la confusion g\u00e9n\u00e9rale perdure dans la gestion de la crise. L\u2019incertitude et un certain flottement perdurent. Ces d\u00e9clarations et d\u00e9faillances ont un co\u00fbt humain incalculable, \u00ab inchiffrable \u00bb. Elles auront un co\u00fbt \u00e9galement pour le pouvoir. En plus du bilan macabre et des cons\u00e9quences \u00e9conomiques et sociales de la pand\u00e9mie, les responsables auront \u00e0 r\u00e9pondre de leur d\u00e9faillance. C\u2019est ici une loi fondamentale de la d\u00e9mocratie.<\/p>\n<p>Tenter d\u2019esquiver leur responsabilit\u00e9 politique nourrirait le populisme, l\u2019id\u00e9e aussi qu\u2019un autoritarisme pourrait s\u2019installer. Au-del\u00e0 de discours marketing d\u2019union nationale, il s\u2019agit l\u00e0 d\u2019un pr\u00e9alable \u00e0 tout, pour l\u2019avant, pour l\u2019apr\u00e8s. Cela vaut pour les h\u00f4tes du Palais de Carthage, de Dar El Bey et du Palais du Bardo\u2026<\/p>\n<div class=\"td-a-rec td-a-rec-id-content_bottom  td_uid_44_60d98ba341d52_rand td_block_template_1\"><\/div>\n<\/div>\n<footer>\n<div class=\"td-post-source-tags\">\n<ul class=\"td-tags td-post-small-box clearfix\">\n<li><strong>leconomistemaghrebin<\/strong><\/li>\n<\/ul>\n<\/div>\n<\/footer>\n<\/div>\n<p>Auteur: L&rsquo;expert<br \/>\n<a href=\"http:\/\/lexpertjournal.net\/fr\/?p=20542\">Cliquez ici pour lire l&rsquo;article depuis sa source.<\/a><\/p>\n","protected":false},"excerpt":{"rendered":"<p>L\u2019acc\u00e9l\u00e9ration de la pand\u00e9mie de Covid-19 se confirme en Tunisie. M\u00e9caniquement, son bilan s\u2019aggrave aussi. Et ce, malgr\u00e9 la mobilisation des initiatives individuelles ou collectives issues de la soci\u00e9t\u00e9 civile et les mesures de restrictions prises par le gouvernement pour faire face \u00e0 cette nouvelle vague. Un bilan macabre qui d\u00e9passe les 14 000 morts, [&hellip;]<\/p>\n","protected":false},"author":1775,"featured_media":0,"comment_status":"closed","ping_status":"closed","sticky":false,"template":"","format":"standard","meta":{"fifu_image_url":"","fifu_image_alt":"","footnotes":""},"categories":[78,55],"tags":[],"class_list":["post-119839","post","type-post","status-publish","format-standard","hentry","category-economie","category-tunisie"],"_links":{"self":[{"href":"https:\/\/linitiative.ca\/International\/wp-json\/wp\/v2\/posts\/119839","targetHints":{"allow":["GET"]}}],"collection":[{"href":"https:\/\/linitiative.ca\/International\/wp-json\/wp\/v2\/posts"}],"about":[{"href":"https:\/\/linitiative.ca\/International\/wp-json\/wp\/v2\/types\/post"}],"author":[{"embeddable":true,"href":"https:\/\/linitiative.ca\/International\/wp-json\/wp\/v2\/users\/1775"}],"replies":[{"embeddable":true,"href":"https:\/\/linitiative.ca\/International\/wp-json\/wp\/v2\/comments?post=119839"}],"version-history":[{"count":0,"href":"https:\/\/linitiative.ca\/International\/wp-json\/wp\/v2\/posts\/119839\/revisions"}],"wp:attachment":[{"href":"https:\/\/linitiative.ca\/International\/wp-json\/wp\/v2\/media?parent=119839"}],"wp:term":[{"taxonomy":"category","embeddable":true,"href":"https:\/\/linitiative.ca\/International\/wp-json\/wp\/v2\/categories?post=119839"},{"taxonomy":"post_tag","embeddable":true,"href":"https:\/\/linitiative.ca\/International\/wp-json\/wp\/v2\/tags?post=119839"}],"curies":[{"name":"wp","href":"https:\/\/api.w.org\/{rel}","templated":true}]}}