{"id":119845,"date":"2021-06-29T11:38:19","date_gmt":"2021-06-29T15:38:19","guid":{"rendered":"https:\/\/linitiative.ca\/International\/vague-de-chaleur-de-jeudi-a-dimanche-dans-plusieurs-provinces\/"},"modified":"2021-06-29T11:38:19","modified_gmt":"2021-06-29T15:38:19","slug":"vague-de-chaleur-de-jeudi-a-dimanche-dans-plusieurs-provinces","status":"publish","type":"post","link":"https:\/\/linitiative.ca\/International\/vague-de-chaleur-de-jeudi-a-dimanche-dans-plusieurs-provinces\/","title":{"rendered":"Vague de chaleur de jeudi \u00e0 dimanche dans plusieurs provinces"},"content":{"rendered":"<div>\n<div style=\"margin-bottom:20px;\"><img loading=\"lazy\" decoding=\"async\" width=\"750\" height=\"430\" src=\"https:\/\/linitiative.ca\/International\/wp-content\/uploads\/sites\/23\/2021\/06\/Une-branche-de-vigne-luttant-pour-sa-part-de-soleil-C3A0-Tinghir-750C397430-MAP.jpg\" class=\"attachment-post-thumbnail size-post-thumbnail wp-post-image\" alt=\"\" srcset=\"https:\/\/linitiative.ca\/International\/wp-content\/uploads\/sites\/23\/2021\/06\/Une-branche-de-vigne-luttant-pour-sa-part-de-soleil-C3A0-Tinghir-750C397430-MAP.jpg 750w, http:\/\/www.mapoujda.ma\/map\/uploads\/2021\/06\/Une-branche-de-vigne-luttant-pour-sa-part-de-soleil-\u00e0-Tinghir-750\u00d7430-MAP-300x172.jpg 300w\" sizes=\"auto, (max-width: 750px) 100vw, 750px\"><\/div>\n<p style=\"text-align: justify;\">Une vague de chaleur est pr\u00e9vue de jeudi \u00e0 dimanche dans plusieurs provinces du Royaume, a annonc\u00e9 mardi la Direction g\u00e9n\u00e9rale de la m\u00e9t\u00e9orologie (DGM).<\/p>\n<p style=\"text-align: justify;\">Ainsi, des temp\u00e9ratures variant entre 39 et 42\u00b0C concerneront les provinces de Fquih Ben Salah, Kh\u00e9nifra, Khouribga et Settat, indique la DGM dans un bulletin d\u2019alerte m\u00e9t\u00e9orologique faisant \u00e9tat d\u2019un niveau de vigilance orange.<\/p>\n<p style=\"text-align: justify;\">Durant la m\u00eame p\u00e9riode, les provinces d\u2019Assa-Zag, Errachidia, Figuig, Smara, Taroudant, Tata et Zagora conna\u00eetront des temp\u00e9ratures variant entre 42 et 45 degr\u00e9s, pr\u00e9cise la m\u00eame source.<\/p>\n<p>L\u2019article <a rel=\"nofollow\" href=\"http:\/\/www.mapoujda.ma\/fr\/vague-de-chaleur-de-jeudi-a-dimanche-dans-plusieurs-provinces\/\">Vague de chaleur de jeudi \u00e0 dimanche dans plusieurs provinces<\/a> est apparu en premier sur <a rel=\"nofollow\" href=\"http:\/\/www.mapoujda.ma\/fr\">MapOujda<\/a>.<\/p>\n<\/div>\n<p>Auteur: Soufiane ELAHMAR<br \/>\n<a href=\"http:\/\/www.mapoujda.ma\/fr\/vague-de-chaleur-de-jeudi-a-dimanche-dans-plusieurs-provinces\/\">Cliquez ici pour lire l&rsquo;article depuis sa source.<\/a><\/p>\n","protected":false},"excerpt":{"rendered":"<p>Une vague de chaleur est pr\u00e9vue de jeudi \u00e0 dimanche dans plusieurs provinces du Royaume, a annonc\u00e9 mardi la Direction g\u00e9n\u00e9rale de la m\u00e9t\u00e9orologie (DGM). Ainsi, des temp\u00e9ratures variant entre 39 et 42\u00b0C concerneront les provinces de Fquih Ben Salah, Kh\u00e9nifra, Khouribga et Settat, indique la DGM dans un bulletin d\u2019alerte m\u00e9t\u00e9orologique faisant \u00e9tat d\u2019un [&hellip;]<\/p>\n","protected":false},"author":1788,"featured_media":0,"comment_status":"closed","ping_status":"closed","sticky":false,"template":"","format":"standard","meta":{"fifu_image_url":"http:\/\/www.mapoujda.ma\/map\/uploads\/2021\/06\/Une-branche-de-vigne-luttant-pour-sa-part-de-soleil-\u00e0-Tinghir-750\u00d7430-MAP.jpg","fifu_image_alt":"Vague de chaleur de jeudi \u00e0 dimanche dans plusieurs provinces","footnotes":""},"categories":[54,76],"tags":[],"class_list":["post-119845","post","type-post","status-publish","format-standard","hentry","category-maroc","category-regions"],"_links":{"self":[{"href":"https:\/\/linitiative.ca\/International\/wp-json\/wp\/v2\/posts\/119845","targetHints":{"allow":["GET"]}}],"collection":[{"href":"https:\/\/linitiative.ca\/International\/wp-json\/wp\/v2\/posts"}],"about":[{"href":"https:\/\/linitiative.ca\/International\/wp-json\/wp\/v2\/types\/post"}],"author":[{"embeddable":true,"href":"https:\/\/linitiative.ca\/International\/wp-json\/wp\/v2\/users\/1788"}],"replies":[{"embeddable":true,"href":"https:\/\/linitiative.ca\/International\/wp-json\/wp\/v2\/comments?post=119845"}],"version-history":[{"count":0,"href":"https:\/\/linitiative.ca\/International\/wp-json\/wp\/v2\/posts\/119845\/revisions"}],"wp:attachment":[{"href":"https:\/\/linitiative.ca\/International\/wp-json\/wp\/v2\/media?parent=119845"}],"wp:term":[{"taxonomy":"category","embeddable":true,"href":"https:\/\/linitiative.ca\/International\/wp-json\/wp\/v2\/categories?post=119845"},{"taxonomy":"post_tag","embeddable":true,"href":"https:\/\/linitiative.ca\/International\/wp-json\/wp\/v2\/tags?post=119845"}],"curies":[{"name":"wp","href":"https:\/\/api.w.org\/{rel}","templated":true}]}}