{"id":119853,"date":"2021-06-29T15:15:10","date_gmt":"2021-06-29T19:15:10","guid":{"rendered":"https:\/\/linitiative.ca\/International\/les-medias-espagnols-invite-zidane-a-sechauffer\/"},"modified":"2021-06-29T15:15:10","modified_gmt":"2021-06-29T19:15:10","slug":"les-medias-espagnols-invite-zidane-a-sechauffer","status":"publish","type":"post","link":"https:\/\/linitiative.ca\/International\/les-medias-espagnols-invite-zidane-a-sechauffer\/","title":{"rendered":"Les m\u00e9dias espagnols invite Zidane \u00e0 s&rsquo;\u00e9chauffer"},"content":{"rendered":"<div>Hier, un homme a rapidement fait parler de lui alors que la France venait \u00e0 peine de se faire sortir de l\u2019Euro. Cet homme, c\u2019est Zinedine Zidane<img loading=\"lazy\" decoding=\"async\" src=\"http:\/\/feeds.feedburner.com\/~r\/GalerieFArtciles\/~4\/xPz_fdzUczc\" height=\"1\" width=\"1\" alt=\"\"><\/div>\n<p>Auteur:<br \/>\n<a href=\"http:\/\/www.lebuteur.com\/article\/detail?titre=les-medias-espagnols-invite-zidane-a-sechauffer&#038;id=100496&#038;utm_source=feedburner&#038;utm_medium=feed&#038;utm_campaign=Feed%3A+GalerieFArtciles+%28Les+derniers+articles++-+lebuteur.com%29\">Cliquez ici pour lire l&rsquo;article depuis sa source.<\/a><\/p>\n","protected":false},"excerpt":{"rendered":"<p>Hier, un homme a rapidement fait parler de lui alors que la France venait \u00e0 peine de se faire sortir de l\u2019Euro. Cet homme, c\u2019est Zinedine Zidane Auteur: Cliquez ici pour lire l&rsquo;article depuis sa source.<\/p>\n","protected":false},"author":1738,"featured_media":0,"comment_status":"closed","ping_status":"closed","sticky":false,"template":"","format":"standard","meta":{"fifu_image_url":"http:\/\/feeds.feedburner.com\/~r\/GalerieFArtciles\/~4\/xPz_fdzUczc","fifu_image_alt":"<div>Les m\u00e9dias espagnols invite Zidane \u00e0 s'\u00e9chauffer<\/div>","footnotes":""},"categories":[53,75],"tags":[],"class_list":["post-119853","post","type-post","status-publish","format-standard","hentry","category-algerie","category-sport"],"_links":{"self":[{"href":"https:\/\/linitiative.ca\/International\/wp-json\/wp\/v2\/posts\/119853","targetHints":{"allow":["GET"]}}],"collection":[{"href":"https:\/\/linitiative.ca\/International\/wp-json\/wp\/v2\/posts"}],"about":[{"href":"https:\/\/linitiative.ca\/International\/wp-json\/wp\/v2\/types\/post"}],"author":[{"embeddable":true,"href":"https:\/\/linitiative.ca\/International\/wp-json\/wp\/v2\/users\/1738"}],"replies":[{"embeddable":true,"href":"https:\/\/linitiative.ca\/International\/wp-json\/wp\/v2\/comments?post=119853"}],"version-history":[{"count":0,"href":"https:\/\/linitiative.ca\/International\/wp-json\/wp\/v2\/posts\/119853\/revisions"}],"wp:attachment":[{"href":"https:\/\/linitiative.ca\/International\/wp-json\/wp\/v2\/media?parent=119853"}],"wp:term":[{"taxonomy":"category","embeddable":true,"href":"https:\/\/linitiative.ca\/International\/wp-json\/wp\/v2\/categories?post=119853"},{"taxonomy":"post_tag","embeddable":true,"href":"https:\/\/linitiative.ca\/International\/wp-json\/wp\/v2\/tags?post=119853"}],"curies":[{"name":"wp","href":"https:\/\/api.w.org\/{rel}","templated":true}]}}