{"id":119854,"date":"2021-06-29T15:15:11","date_gmt":"2021-06-29T19:15:11","guid":{"rendered":"https:\/\/linitiative.ca\/International\/france-benzema-reagit-a-lelimination\/"},"modified":"2021-06-29T15:15:11","modified_gmt":"2021-06-29T19:15:11","slug":"france-benzema-reagit-a-lelimination","status":"publish","type":"post","link":"https:\/\/linitiative.ca\/International\/france-benzema-reagit-a-lelimination\/","title":{"rendered":"France : Benzema r\u00e9agit \u00e0 l&rsquo;\u00e9limination"},"content":{"rendered":"<div>De retour en \u00e9quipe de France apr\u00e8s plus de cinq ann\u00e9es d&rsquo;absence, Karim Benzema a pu participer \u00e0 l&rsquo;Euro avec l&rsquo;\u00e9quipe de France<img loading=\"lazy\" decoding=\"async\" src=\"http:\/\/feeds.feedburner.com\/~r\/GalerieFArtciles\/~4\/ZoN9SMD9TiI\" height=\"1\" width=\"1\" alt=\"\"><\/div>\n<p>Auteur:<br \/>\n<a href=\"http:\/\/www.lebuteur.com\/article\/detail?titre=france-benzema-reagit-a-lelimination&#038;id=100497&#038;utm_source=feedburner&#038;utm_medium=feed&#038;utm_campaign=Feed%3A+GalerieFArtciles+%28Les+derniers+articles++-+lebuteur.com%29\">Cliquez ici pour lire l&rsquo;article depuis sa source.<\/a><\/p>\n","protected":false},"excerpt":{"rendered":"<p>De retour en \u00e9quipe de France apr\u00e8s plus de cinq ann\u00e9es d&rsquo;absence, Karim Benzema a pu participer \u00e0 l&rsquo;Euro avec l&rsquo;\u00e9quipe de France Auteur: Cliquez ici pour lire l&rsquo;article depuis sa source.<\/p>\n","protected":false},"author":1738,"featured_media":0,"comment_status":"closed","ping_status":"closed","sticky":false,"template":"","format":"standard","meta":{"fifu_image_url":"http:\/\/feeds.feedburner.com\/~r\/GalerieFArtciles\/~4\/ZoN9SMD9TiI","fifu_image_alt":"<div>France : Benzema r\u00e9agit \u00e0 l'\u00e9limination<\/div>","footnotes":""},"categories":[53,75],"tags":[],"class_list":["post-119854","post","type-post","status-publish","format-standard","hentry","category-algerie","category-sport"],"_links":{"self":[{"href":"https:\/\/linitiative.ca\/International\/wp-json\/wp\/v2\/posts\/119854","targetHints":{"allow":["GET"]}}],"collection":[{"href":"https:\/\/linitiative.ca\/International\/wp-json\/wp\/v2\/posts"}],"about":[{"href":"https:\/\/linitiative.ca\/International\/wp-json\/wp\/v2\/types\/post"}],"author":[{"embeddable":true,"href":"https:\/\/linitiative.ca\/International\/wp-json\/wp\/v2\/users\/1738"}],"replies":[{"embeddable":true,"href":"https:\/\/linitiative.ca\/International\/wp-json\/wp\/v2\/comments?post=119854"}],"version-history":[{"count":0,"href":"https:\/\/linitiative.ca\/International\/wp-json\/wp\/v2\/posts\/119854\/revisions"}],"wp:attachment":[{"href":"https:\/\/linitiative.ca\/International\/wp-json\/wp\/v2\/media?parent=119854"}],"wp:term":[{"taxonomy":"category","embeddable":true,"href":"https:\/\/linitiative.ca\/International\/wp-json\/wp\/v2\/categories?post=119854"},{"taxonomy":"post_tag","embeddable":true,"href":"https:\/\/linitiative.ca\/International\/wp-json\/wp\/v2\/tags?post=119854"}],"curies":[{"name":"wp","href":"https:\/\/api.w.org\/{rel}","templated":true}]}}