{"id":119857,"date":"2021-06-29T16:45:10","date_gmt":"2021-06-29T20:45:10","guid":{"rendered":"https:\/\/linitiative.ca\/International\/le-msp-ne-participera-pas-au-prochain-gouvernement\/"},"modified":"2021-06-29T16:45:10","modified_gmt":"2021-06-29T20:45:10","slug":"le-msp-ne-participera-pas-au-prochain-gouvernement","status":"publish","type":"post","link":"https:\/\/linitiative.ca\/International\/le-msp-ne-participera-pas-au-prochain-gouvernement\/","title":{"rendered":"Le MSP ne participera pas au prochain gouvernement"},"content":{"rendered":"<div>\n<div class=\"sriret\"><img decoding=\"async\" src=\"https:\/\/linitiative.ca\/International\/wp-content\/uploads\/sites\/23\/2021\/06\/default-picture-709x366_c-9.jpg\"><\/div>\n<p>Le Mouvement de la soci\u00e9t\u00e9 pour la paix (MSP) ne va pas faire partie du prochain gouvernement.<\/p>\n<p>La d\u00e9cision a \u00e9t\u00e9 prise aujourd\u2019hui mardi 29 juin par le Conseil consultatif du parti, qui s\u2019est r\u00e9uni en session extraordinaire.<\/p>\n<p>Le MSP a indiqu\u00e9 qu\u2019il avait inform\u00e9 le Pr\u00e9sident de la r\u00e9publique, Abdelmadjid Tebboune, de cette d\u00e9cision avant de la rendre publique.<\/p>\n<p>Le pr\u00e9sident du parti, Abderazak Makri, animera demain une conf\u00e9rence de presse pour s\u2019exprimer sur la question.<\/p>\n<p>Le MSP \u00e9tait arriv\u00e9 \u00e0 la troisi\u00e8me place des \u00e9lections l\u00e9gislatives du 12 juin derri\u00e8re le PFLN et les ind\u00e9pendants. Son pr\u00e9sident avait \u00e9t\u00e9 re\u00e7u par le chef de l\u2019\u00c9tat, dimanche, dans le cadre des consultations men\u00e9es par la Pr\u00e9sidence en pr\u00e9vision de la constitution du prochain gouvernement.<\/p>\n<p>L\u2019article <a rel=\"nofollow\" href=\"https:\/\/www.elwatan.com\/edition\/actualite\/le-msp-ne-participera-pas-au-prochain-gouvernement-29-06-2021\">Le MSP ne participera pas au prochain gouvernement<\/a> est apparu en premier sur <a rel=\"nofollow\" href=\"https:\/\/www.elwatan.com\/\">El Watan<\/a>.<\/p>\n<\/div>\n<p>Auteur: Mohand Yahiaoui<br \/>\n<a href=\"https:\/\/www.elwatan.com\/edition\/actualite\/le-msp-ne-participera-pas-au-prochain-gouvernement-29-06-2021\">Cliquez ici pour lire l&rsquo;article depuis sa source.<\/a><\/p>\n","protected":false},"excerpt":{"rendered":"<p>Le Mouvement de la soci\u00e9t\u00e9 pour la paix (MSP) ne va pas faire partie du prochain gouvernement. La d\u00e9cision a \u00e9t\u00e9 prise aujourd\u2019hui mardi 29 juin par le Conseil consultatif du parti, qui s\u2019est r\u00e9uni en session extraordinaire. Le MSP a indiqu\u00e9 qu\u2019il avait inform\u00e9 le Pr\u00e9sident de la r\u00e9publique, Abdelmadjid Tebboune, de cette d\u00e9cision [&hellip;]<\/p>\n","protected":false},"author":1743,"featured_media":0,"comment_status":"closed","ping_status":"closed","sticky":false,"template":"","format":"standard","meta":{"fifu_image_url":"https:\/\/www.elwatan.com\/wp-content\/themes\/spectr\/img\/default-picture-709x366_c.jpg","fifu_image_alt":"Le MSP ne participera pas au prochain gouvernement","footnotes":""},"categories":[73,53],"tags":[],"class_list":["post-119857","post","type-post","status-publish","format-standard","hentry","category-actualite","category-algerie"],"_links":{"self":[{"href":"https:\/\/linitiative.ca\/International\/wp-json\/wp\/v2\/posts\/119857","targetHints":{"allow":["GET"]}}],"collection":[{"href":"https:\/\/linitiative.ca\/International\/wp-json\/wp\/v2\/posts"}],"about":[{"href":"https:\/\/linitiative.ca\/International\/wp-json\/wp\/v2\/types\/post"}],"author":[{"embeddable":true,"href":"https:\/\/linitiative.ca\/International\/wp-json\/wp\/v2\/users\/1743"}],"replies":[{"embeddable":true,"href":"https:\/\/linitiative.ca\/International\/wp-json\/wp\/v2\/comments?post=119857"}],"version-history":[{"count":0,"href":"https:\/\/linitiative.ca\/International\/wp-json\/wp\/v2\/posts\/119857\/revisions"}],"wp:attachment":[{"href":"https:\/\/linitiative.ca\/International\/wp-json\/wp\/v2\/media?parent=119857"}],"wp:term":[{"taxonomy":"category","embeddable":true,"href":"https:\/\/linitiative.ca\/International\/wp-json\/wp\/v2\/categories?post=119857"},{"taxonomy":"post_tag","embeddable":true,"href":"https:\/\/linitiative.ca\/International\/wp-json\/wp\/v2\/tags?post=119857"}],"curies":[{"name":"wp","href":"https:\/\/api.w.org\/{rel}","templated":true}]}}