{"id":119870,"date":"2021-06-29T11:45:57","date_gmt":"2021-06-29T15:45:57","guid":{"rendered":"https:\/\/linitiative.ca\/International\/lydec-mohammed-benslimane-fait-son-entree-au-conseil-dadministration\/"},"modified":"2021-06-29T11:45:57","modified_gmt":"2021-06-29T15:45:57","slug":"lydec-mohammed-benslimane-fait-son-entree-au-conseil-dadministration","status":"publish","type":"post","link":"https:\/\/linitiative.ca\/International\/lydec-mohammed-benslimane-fait-son-entree-au-conseil-dadministration\/","title":{"rendered":"Lydec. Mohammed Benslimane fait son entr\u00e9e au conseil d\u2019administration"},"content":{"rendered":"<div><img decoding=\"async\" width=\"852\" height=\"480\" src=\"https:\/\/linitiative.ca\/International\/wp-content\/uploads\/sites\/23\/2021\/06\/lydec.jpg\" class=\"attachment-post-thumbnail size-post-thumbnail wp-post-image\" alt=\"\" loading=\"lazy\" srcset=\"https:\/\/linitiative.ca\/International\/wp-content\/uploads\/sites\/23\/2021\/06\/lydec.jpg 852w, https:\/\/www.challenge.ma\/wp-content\/uploads\/2020\/05\/lydec-300x169.jpg 300w, https:\/\/www.challenge.ma\/wp-content\/uploads\/2020\/05\/lydec-768x433.jpg 768w, https:\/\/www.challenge.ma\/wp-content\/uploads\/2020\/05\/lydec-360x203.jpg 360w, https:\/\/www.challenge.ma\/wp-content\/uploads\/2020\/05\/lydec-750x423.jpg 750w\" sizes=\"auto, (max-width: 852px) 100vw, 852px\" itemprop=\"image\">Mohammed Benslimane a \u00e9t\u00e9 nomm\u00e9 en tant qu\u2019administrateur repr\u00e9sentant le groupe SUEZ lors de l\u2019Assembl\u00e9e G\u00e9n\u00e9rale Ordinaire de Lydec qui s\u2019est tenue le 28 juin. \u00a0\u00ab Je suis fier de pouvoir rejoindre le Conseil d\u2019Administration de Lydec. Cette soci\u00e9t\u00e9 est pleinement associ\u00e9e pour moi \u00e0 la progression de la qualit\u00e9<\/div>\n<p>Auteur: challenge<br \/>\n<a href=\"https:\/\/www.challenge.ma\/lydec-mohammed-benslimane-fait-son-entree-au-conseil-dadministration-190517\/\">Cliquez ici pour lire l&rsquo;article depuis sa source.<\/a><\/p>\n","protected":false},"excerpt":{"rendered":"<p>Mohammed Benslimane a \u00e9t\u00e9 nomm\u00e9 en tant qu\u2019administrateur repr\u00e9sentant le groupe SUEZ lors de l\u2019Assembl\u00e9e G\u00e9n\u00e9rale Ordinaire de Lydec qui s\u2019est tenue le 28 juin. \u00a0\u00ab Je suis fier de pouvoir rejoindre le Conseil d\u2019Administration de Lydec. Cette soci\u00e9t\u00e9 est pleinement associ\u00e9e pour moi \u00e0 la progression de la qualit\u00e9 Auteur: challenge Cliquez ici pour [&hellip;]<\/p>\n","protected":false},"author":1787,"featured_media":0,"comment_status":"closed","ping_status":"closed","sticky":false,"template":"","format":"standard","meta":{"fifu_image_url":"https:\/\/www.challenge.ma\/wp-content\/uploads\/2020\/05\/lydec.jpg","fifu_image_alt":"Lydec. Mohammed Benslimane fait son entr\u00e9e au conseil d\u2019administration","footnotes":""},"categories":[78,54],"tags":[],"class_list":["post-119870","post","type-post","status-publish","format-standard","hentry","category-economie","category-maroc"],"_links":{"self":[{"href":"https:\/\/linitiative.ca\/International\/wp-json\/wp\/v2\/posts\/119870","targetHints":{"allow":["GET"]}}],"collection":[{"href":"https:\/\/linitiative.ca\/International\/wp-json\/wp\/v2\/posts"}],"about":[{"href":"https:\/\/linitiative.ca\/International\/wp-json\/wp\/v2\/types\/post"}],"author":[{"embeddable":true,"href":"https:\/\/linitiative.ca\/International\/wp-json\/wp\/v2\/users\/1787"}],"replies":[{"embeddable":true,"href":"https:\/\/linitiative.ca\/International\/wp-json\/wp\/v2\/comments?post=119870"}],"version-history":[{"count":0,"href":"https:\/\/linitiative.ca\/International\/wp-json\/wp\/v2\/posts\/119870\/revisions"}],"wp:attachment":[{"href":"https:\/\/linitiative.ca\/International\/wp-json\/wp\/v2\/media?parent=119870"}],"wp:term":[{"taxonomy":"category","embeddable":true,"href":"https:\/\/linitiative.ca\/International\/wp-json\/wp\/v2\/categories?post=119870"},{"taxonomy":"post_tag","embeddable":true,"href":"https:\/\/linitiative.ca\/International\/wp-json\/wp\/v2\/tags?post=119870"}],"curies":[{"name":"wp","href":"https:\/\/api.w.org\/{rel}","templated":true}]}}