{"id":119872,"date":"2021-06-29T14:53:51","date_gmt":"2021-06-29T18:53:51","guid":{"rendered":"https:\/\/linitiative.ca\/International\/anas-sefrioui-reagit-aux-accusations-de-epc-maroc\/"},"modified":"2021-06-29T14:53:51","modified_gmt":"2021-06-29T18:53:51","slug":"anas-sefrioui-reagit-aux-accusations-de-epc-maroc","status":"publish","type":"post","link":"https:\/\/linitiative.ca\/International\/anas-sefrioui-reagit-aux-accusations-de-epc-maroc\/","title":{"rendered":"Anas Sefrioui r\u00e9agit aux accusations de EPC Maroc"},"content":{"rendered":"<div><img decoding=\"async\" width=\"900\" height=\"600\" src=\"https:\/\/linitiative.ca\/International\/wp-content\/uploads\/sites\/23\/2021\/06\/Anas_Sefrioui.jpg\" class=\"attachment-post-thumbnail size-post-thumbnail wp-post-image\" alt=\"\" loading=\"lazy\" srcset=\"https:\/\/linitiative.ca\/International\/wp-content\/uploads\/sites\/23\/2021\/06\/Anas_Sefrioui.jpg 900w, https:\/\/www.challenge.ma\/wp-content\/uploads\/2020\/08\/Anas_Sefrioui-300x200.jpg 300w, https:\/\/www.challenge.ma\/wp-content\/uploads\/2020\/08\/Anas_Sefrioui-768x512.jpg 768w, https:\/\/www.challenge.ma\/wp-content\/uploads\/2020\/08\/Anas_Sefrioui-360x240.jpg 360w, https:\/\/www.challenge.ma\/wp-content\/uploads\/2020\/08\/Anas_Sefrioui-750x500.jpg 750w\" sizes=\"auto, (max-width: 900px) 100vw, 900px\" itemprop=\"image\">Le patron de Addoha d\u00e9nonce la manipulation et le chantage m\u00e9diatique orchestr\u00e9s par EPC Maroc et fait part de son \u00e9tonnement quant aux accusations port\u00e9es \u00e0 l\u2019encontre de sa famille.\u00a0Au lendemain de l\u2019annonce par la soci\u00e9t\u00e9 EPC Maroc de l\u2019assignation devant le tribunal correctionnel de Anas Sefrioui et des membres<\/div>\n<p>Auteur: challenge<br \/>\n<a href=\"https:\/\/www.challenge.ma\/anas-sefrioui-reagit-aux-accusations-de-epc-maroc-190570\/\">Cliquez ici pour lire l&rsquo;article depuis sa source.<\/a><\/p>\n","protected":false},"excerpt":{"rendered":"<p>Le patron de Addoha d\u00e9nonce la manipulation et le chantage m\u00e9diatique orchestr\u00e9s par EPC Maroc et fait part de son \u00e9tonnement quant aux accusations port\u00e9es \u00e0 l\u2019encontre de sa famille.\u00a0Au lendemain de l\u2019annonce par la soci\u00e9t\u00e9 EPC Maroc de l\u2019assignation devant le tribunal correctionnel de Anas Sefrioui et des membres Auteur: challenge Cliquez ici pour [&hellip;]<\/p>\n","protected":false},"author":1787,"featured_media":0,"comment_status":"closed","ping_status":"closed","sticky":false,"template":"","format":"standard","meta":{"fifu_image_url":"https:\/\/www.challenge.ma\/wp-content\/uploads\/2020\/08\/Anas_Sefrioui.jpg","fifu_image_alt":"Anas Sefrioui r\u00e9agit aux accusations de EPC Maroc","footnotes":""},"categories":[78,54],"tags":[],"class_list":["post-119872","post","type-post","status-publish","format-standard","hentry","category-economie","category-maroc"],"_links":{"self":[{"href":"https:\/\/linitiative.ca\/International\/wp-json\/wp\/v2\/posts\/119872","targetHints":{"allow":["GET"]}}],"collection":[{"href":"https:\/\/linitiative.ca\/International\/wp-json\/wp\/v2\/posts"}],"about":[{"href":"https:\/\/linitiative.ca\/International\/wp-json\/wp\/v2\/types\/post"}],"author":[{"embeddable":true,"href":"https:\/\/linitiative.ca\/International\/wp-json\/wp\/v2\/users\/1787"}],"replies":[{"embeddable":true,"href":"https:\/\/linitiative.ca\/International\/wp-json\/wp\/v2\/comments?post=119872"}],"version-history":[{"count":0,"href":"https:\/\/linitiative.ca\/International\/wp-json\/wp\/v2\/posts\/119872\/revisions"}],"wp:attachment":[{"href":"https:\/\/linitiative.ca\/International\/wp-json\/wp\/v2\/media?parent=119872"}],"wp:term":[{"taxonomy":"category","embeddable":true,"href":"https:\/\/linitiative.ca\/International\/wp-json\/wp\/v2\/categories?post=119872"},{"taxonomy":"post_tag","embeddable":true,"href":"https:\/\/linitiative.ca\/International\/wp-json\/wp\/v2\/tags?post=119872"}],"curies":[{"name":"wp","href":"https:\/\/api.w.org\/{rel}","templated":true}]}}