{"id":119874,"date":"2021-06-29T15:30:59","date_gmt":"2021-06-29T19:30:59","guid":{"rendered":"https:\/\/linitiative.ca\/International\/retraite-le-maroc-dans-le-top-3-des-meilleurs-pays-ou-sinstaller-pour-les-francais\/"},"modified":"2021-06-29T15:30:59","modified_gmt":"2021-06-29T19:30:59","slug":"retraite-le-maroc-dans-le-top-3-des-meilleurs-pays-ou-sinstaller-pour-les-francais","status":"publish","type":"post","link":"https:\/\/linitiative.ca\/International\/retraite-le-maroc-dans-le-top-3-des-meilleurs-pays-ou-sinstaller-pour-les-francais\/","title":{"rendered":"Retraite. Le Maroc dans le top 3 des meilleurs pays o\u00f9 s\u2019installer pour les Fran\u00e7ais"},"content":{"rendered":"<div><img decoding=\"async\" width=\"700\" height=\"430\" src=\"https:\/\/linitiative.ca\/International\/wp-content\/uploads\/sites\/23\/2021\/06\/retraites-francais-maroc-agadir.jpg\" class=\"attachment-post-thumbnail size-post-thumbnail wp-post-image\" alt=\"\" loading=\"lazy\" srcset=\"https:\/\/linitiative.ca\/International\/wp-content\/uploads\/sites\/23\/2021\/06\/retraites-francais-maroc-agadir.jpg 700w, https:\/\/www.challenge.ma\/wp-content\/uploads\/2021\/06\/retraites-francais-maroc-agadir-300x184.jpg 300w, https:\/\/www.challenge.ma\/wp-content\/uploads\/2021\/06\/retraites-francais-maroc-agadir-360x221.jpg 360w\" sizes=\"auto, (max-width: 700px) 100vw, 700px\" itemprop=\"image\">Co\u00fbt de la vie, logement, fiscalit\u00e9, climat, sant\u00e9, vie sociale, activit\u00e9 physique\u2026\u00a0Le Figaro\u00a0a pass\u00e9 au crible les donn\u00e9es de 17 pays pris\u00e9s des retrait\u00e9s fran\u00e7ais. Dans le top 3 de son classement figurent l\u2019Espagne, la Gr\u00e8ce et le Maroc, rapporte Boursoroma.ma. Concernant l\u2019Espagne, \u00ab\u00a0le pays n\u2019a aucun r\u00e9el d\u00e9faut\u00a0\u00bb et<\/div>\n<p>Auteur: challenge<br \/>\n<a href=\"https:\/\/www.challenge.ma\/retraite-le-maroc-dans-le-top-3-des-meilleurs-pays-ou-sinstaller-pour-les-francais-190577\/\">Cliquez ici pour lire l&rsquo;article depuis sa source.<\/a><\/p>\n","protected":false},"excerpt":{"rendered":"<p>Co\u00fbt de la vie, logement, fiscalit\u00e9, climat, sant\u00e9, vie sociale, activit\u00e9 physique\u2026\u00a0Le Figaro\u00a0a pass\u00e9 au crible les donn\u00e9es de 17 pays pris\u00e9s des retrait\u00e9s fran\u00e7ais. Dans le top 3 de son classement figurent l\u2019Espagne, la Gr\u00e8ce et le Maroc, rapporte Boursoroma.ma. Concernant l\u2019Espagne, \u00ab\u00a0le pays n\u2019a aucun r\u00e9el d\u00e9faut\u00a0\u00bb et Auteur: challenge Cliquez ici pour [&hellip;]<\/p>\n","protected":false},"author":1787,"featured_media":0,"comment_status":"closed","ping_status":"closed","sticky":false,"template":"","format":"standard","meta":{"fifu_image_url":"https:\/\/www.challenge.ma\/wp-content\/uploads\/2021\/06\/retraites-francais-maroc-agadir.jpg","fifu_image_alt":"Retraite. Le Maroc dans le top 3 des meilleurs pays o\u00f9 s\u2019installer pour les Fran\u00e7ais","footnotes":""},"categories":[78,54],"tags":[],"class_list":["post-119874","post","type-post","status-publish","format-standard","hentry","category-economie","category-maroc"],"_links":{"self":[{"href":"https:\/\/linitiative.ca\/International\/wp-json\/wp\/v2\/posts\/119874","targetHints":{"allow":["GET"]}}],"collection":[{"href":"https:\/\/linitiative.ca\/International\/wp-json\/wp\/v2\/posts"}],"about":[{"href":"https:\/\/linitiative.ca\/International\/wp-json\/wp\/v2\/types\/post"}],"author":[{"embeddable":true,"href":"https:\/\/linitiative.ca\/International\/wp-json\/wp\/v2\/users\/1787"}],"replies":[{"embeddable":true,"href":"https:\/\/linitiative.ca\/International\/wp-json\/wp\/v2\/comments?post=119874"}],"version-history":[{"count":0,"href":"https:\/\/linitiative.ca\/International\/wp-json\/wp\/v2\/posts\/119874\/revisions"}],"wp:attachment":[{"href":"https:\/\/linitiative.ca\/International\/wp-json\/wp\/v2\/media?parent=119874"}],"wp:term":[{"taxonomy":"category","embeddable":true,"href":"https:\/\/linitiative.ca\/International\/wp-json\/wp\/v2\/categories?post=119874"},{"taxonomy":"post_tag","embeddable":true,"href":"https:\/\/linitiative.ca\/International\/wp-json\/wp\/v2\/tags?post=119874"}],"curies":[{"name":"wp","href":"https:\/\/api.w.org\/{rel}","templated":true}]}}