{"id":119883,"date":"2021-06-29T15:49:51","date_gmt":"2021-06-29T19:49:51","guid":{"rendered":"https:\/\/linitiative.ca\/International\/retrait-des-forces-ethiopiennes-du-tigre\/"},"modified":"2021-06-29T15:49:51","modified_gmt":"2021-06-29T19:49:51","slug":"retrait-des-forces-ethiopiennes-du-tigre","status":"publish","type":"post","link":"https:\/\/linitiative.ca\/International\/retrait-des-forces-ethiopiennes-du-tigre\/","title":{"rendered":"RETRAIT DES FORCES ETHIOPIENNES DU TIGRE"},"content":{"rendered":"<div>\n<p><img decoding=\"async\" width=\"281\" height=\"180\" src=\"https:\/\/linitiative.ca\/International\/wp-content\/uploads\/sites\/23\/2021\/06\/ERYTHREE.jpg\" class=\"attachment- size- wp-post-image\" alt=\"\" loading=\"lazy\" style=\"float:left; margin:0 15px 15px 0;\">Les forces rebelles du Tigr\u00e9 sont de retour dans la capitale r\u00e9gionale Mekele, apr\u00e8s que l\u2019arm\u00e9e \u00e9thiopienne a quitt\u00e9 la ville au soir du 28 juin dernier.\u00a0 Le d\u00e9part des soldats f\u00e9d\u00e9raux est cons\u00e9cutif au cessez-le-feu unilat\u00e9ral d\u00e9cr\u00e9t\u00e9 par le gouvernement du Premier ministre Abiy Ahmed. La raison avanc\u00e9e pour expliquer le retrait des forces \u2026<\/p>\n<p>L\u2019article <a rel=\"nofollow\" href=\"https:\/\/lepays.bf\/retrait-des-forces-ethiopiennes-du-tigre\/\">RETRAIT DES FORCES ETHIOPIENNES DU TIGRE<\/a> est apparu en premier sur <a rel=\"nofollow\" href=\"https:\/\/lepays.bf\/\">Editions Le Pays<\/a>.<\/p>\n<\/div>\n<p>Auteur: Editions LEPAYS<br \/>\n<a href=\"https:\/\/lepays.bf\/retrait-des-forces-ethiopiennes-du-tigre\/\">Cliquez ici pour lire l&rsquo;article depuis sa source.<\/a><\/p>\n","protected":false},"excerpt":{"rendered":"<p>Les forces rebelles du Tigr\u00e9 sont de retour dans la capitale r\u00e9gionale Mekele, apr\u00e8s que l\u2019arm\u00e9e \u00e9thiopienne a quitt\u00e9 la ville au soir du 28 juin dernier.\u00a0 Le d\u00e9part des soldats f\u00e9d\u00e9raux est cons\u00e9cutif au cessez-le-feu unilat\u00e9ral d\u00e9cr\u00e9t\u00e9 par le gouvernement du Premier ministre Abiy Ahmed. La raison avanc\u00e9e pour expliquer le retrait des forces [&hellip;]<\/p>\n","protected":false},"author":1813,"featured_media":0,"comment_status":"closed","ping_status":"closed","sticky":false,"template":"","format":"standard","meta":{"fifu_image_url":"https:\/\/lepays.bf\/wp-content\/uploads\/2021\/06\/ERYTHREE.jpg","fifu_image_alt":"RETRAIT DES FORCES ETHIOPIENNES DU TIGRE","footnotes":""},"categories":[73,81],"tags":[],"class_list":["post-119883","post","type-post","status-publish","format-standard","hentry","category-actualite","category-burkina-faso"],"_links":{"self":[{"href":"https:\/\/linitiative.ca\/International\/wp-json\/wp\/v2\/posts\/119883","targetHints":{"allow":["GET"]}}],"collection":[{"href":"https:\/\/linitiative.ca\/International\/wp-json\/wp\/v2\/posts"}],"about":[{"href":"https:\/\/linitiative.ca\/International\/wp-json\/wp\/v2\/types\/post"}],"author":[{"embeddable":true,"href":"https:\/\/linitiative.ca\/International\/wp-json\/wp\/v2\/users\/1813"}],"replies":[{"embeddable":true,"href":"https:\/\/linitiative.ca\/International\/wp-json\/wp\/v2\/comments?post=119883"}],"version-history":[{"count":0,"href":"https:\/\/linitiative.ca\/International\/wp-json\/wp\/v2\/posts\/119883\/revisions"}],"wp:attachment":[{"href":"https:\/\/linitiative.ca\/International\/wp-json\/wp\/v2\/media?parent=119883"}],"wp:term":[{"taxonomy":"category","embeddable":true,"href":"https:\/\/linitiative.ca\/International\/wp-json\/wp\/v2\/categories?post=119883"},{"taxonomy":"post_tag","embeddable":true,"href":"https:\/\/linitiative.ca\/International\/wp-json\/wp\/v2\/tags?post=119883"}],"curies":[{"name":"wp","href":"https:\/\/api.w.org\/{rel}","templated":true}]}}