{"id":119885,"date":"2021-06-29T17:04:01","date_gmt":"2021-06-29T21:04:01","guid":{"rendered":"https:\/\/linitiative.ca\/International\/lutte-contre-le-terrorisme-les-militaires-radies-veulent-aller-au-front\/"},"modified":"2021-06-29T17:04:01","modified_gmt":"2021-06-29T21:04:01","slug":"lutte-contre-le-terrorisme-les-militaires-radies-veulent-aller-au-front","status":"publish","type":"post","link":"https:\/\/linitiative.ca\/International\/lutte-contre-le-terrorisme-les-militaires-radies-veulent-aller-au-front\/","title":{"rendered":"Lutte contre le terrorisme : Les militaires radi\u00e9s veulent aller  au front"},"content":{"rendered":"<div>\n<p><strong>Une d\u00e9l\u00e9gation des militaires radi\u00e9s en 2011 a \u00e9t\u00e9 re\u00e7ue en audience, le mardi 29 juin 2021, \u00e0 Ouagadougou, par le ministre d\u2019Etat, ministre aupr\u00e8s du pr\u00e9sident du Faso, charg\u00e9 de la R\u00e9conciliation nationale et de la Coh\u00e9sion sociale, Z\u00e9phirin Diabr\u00e9.<\/strong><\/p>\n<p>Les militaires radi\u00e9s ne sont pas fiers de la d\u00e9gradation de la situation s\u00e9curitaire au Burkina Faso. Ils promettent apporter leur appui \u00e0 leurs fr\u00e8res d\u2019armes au front du combat contre les terroristes. C\u2019est ce qu\u2019a fait savoir un de leur porte-parole, Gandar\u00e9 Zongo, qui a conduit une d\u00e9l\u00e9gation de ses camarades chez le ministre d\u2019Etat, ministre aupr\u00e8s du pr\u00e9sident du Faso, charg\u00e9 de la R\u00e9conciliation nationale et de la Coh\u00e9sion sociale, Z\u00e9phirin Diabr\u00e9. \u00ab Nous ne sommes pas satisfaits de notre situation en plus de la crise s\u00e9curitaire que nous traversons. Nous regardons cela avec beaucoup d\u2019amertume, \u00e9tant dans l\u2019incapacit\u00e9 de pouvoir aider nos \u2018\u2019fr\u00e8res d\u2019armes\u2019\u2019 qui sont au front et sauver le Burkina \u00bb, a confi\u00e9 Gandar\u00e9 Zongo, \u00e0 sa sortie d\u2019audience.<\/p>\n<p>Il a ajout\u00e9 que lui et ses camarades sont venus donc demander au ministre en charge de la R\u00e9conciliation nationale de plaider en faveur de leur r\u00e9int\u00e9gration au sein des Forces arm\u00e9es nationales pour qu\u2019ils puissent rejoindre les rangs. Cela, a-t-il soulign\u00e9, pour combattre l\u2019ennemi commun qui trouble la qui\u00e9tude des honn\u00eates citoyens. A ce propos, a fait savoir M. Gandar\u00e9, la d\u00e9l\u00e9gation a remis une note de dol\u00e9ances \u00e0 M. Diabr\u00e9 afin qu\u2019il la transmette au Pr\u00e9sident, Roch Marc Christian Kabor\u00e9. \u00ab Nous souhaitons qu\u2019ils nous aident \u00e0 aller apporter notre appui \u00e0 nos amis au front \u00bb, a-t-il soutenu. Les militaires radi\u00e9s, \u00e0 travers leur porte-parole, ont aussi apport\u00e9 leur soutien au processus de r\u00e9conciliation nationale engag\u00e9 par le pr\u00e9sident du Faso. Par ailleurs, ils ont invit\u00e9 les Burkinab\u00e8 \u00e0 se d\u00e9marquer des manifestations qui ne sauraient \u00eatre une r\u00e9ponse aux attaques terroristes.<\/p>\n<p style=\"text-align: right\"><strong>Souma\u00efla BONKOUNGOU<\/strong><\/p>\n<p>L\u2019article <a rel=\"nofollow\" href=\"https:\/\/www.sidwaya.info\/blog\/2021\/06\/29\/lutte-contre-le-terrorisme-les-militaires-radies-veulent-aller-au-front\/\">Lutte contre le terrorisme : Les militaires radi\u00e9s veulent aller  au front<\/a> est apparu en premier sur <a rel=\"nofollow\" href=\"https:\/\/www.sidwaya.info\/\">Quotidien Sidwaya<\/a>.<\/p>\n<\/div>\n<p>Auteur: JK. Sidwaya<br \/>\n<a href=\"https:\/\/www.sidwaya.info\/blog\/2021\/06\/29\/lutte-contre-le-terrorisme-les-militaires-radies-veulent-aller-au-front\/\">Cliquez ici pour lire l&rsquo;article depuis sa source.<\/a><\/p>\n","protected":false},"excerpt":{"rendered":"<p>Une d\u00e9l\u00e9gation des militaires radi\u00e9s en 2011 a \u00e9t\u00e9 re\u00e7ue en audience, le mardi 29 juin 2021, \u00e0 Ouagadougou, par le ministre d\u2019Etat, ministre aupr\u00e8s du pr\u00e9sident du Faso, charg\u00e9 de la R\u00e9conciliation nationale et de la Coh\u00e9sion sociale, Z\u00e9phirin Diabr\u00e9. Les militaires radi\u00e9s ne sont pas fiers de la d\u00e9gradation de la situation s\u00e9curitaire [&hellip;]<\/p>\n","protected":false},"author":1816,"featured_media":0,"comment_status":"closed","ping_status":"closed","sticky":false,"template":"","format":"standard","meta":{"fifu_image_url":"","fifu_image_alt":"","footnotes":""},"categories":[73,81],"tags":[],"class_list":["post-119885","post","type-post","status-publish","format-standard","hentry","category-actualite","category-burkina-faso"],"_links":{"self":[{"href":"https:\/\/linitiative.ca\/International\/wp-json\/wp\/v2\/posts\/119885","targetHints":{"allow":["GET"]}}],"collection":[{"href":"https:\/\/linitiative.ca\/International\/wp-json\/wp\/v2\/posts"}],"about":[{"href":"https:\/\/linitiative.ca\/International\/wp-json\/wp\/v2\/types\/post"}],"author":[{"embeddable":true,"href":"https:\/\/linitiative.ca\/International\/wp-json\/wp\/v2\/users\/1816"}],"replies":[{"embeddable":true,"href":"https:\/\/linitiative.ca\/International\/wp-json\/wp\/v2\/comments?post=119885"}],"version-history":[{"count":0,"href":"https:\/\/linitiative.ca\/International\/wp-json\/wp\/v2\/posts\/119885\/revisions"}],"wp:attachment":[{"href":"https:\/\/linitiative.ca\/International\/wp-json\/wp\/v2\/media?parent=119885"}],"wp:term":[{"taxonomy":"category","embeddable":true,"href":"https:\/\/linitiative.ca\/International\/wp-json\/wp\/v2\/categories?post=119885"},{"taxonomy":"post_tag","embeddable":true,"href":"https:\/\/linitiative.ca\/International\/wp-json\/wp\/v2\/tags?post=119885"}],"curies":[{"name":"wp","href":"https:\/\/api.w.org\/{rel}","templated":true}]}}