{"id":119886,"date":"2021-06-29T17:08:17","date_gmt":"2021-06-29T21:08:17","guid":{"rendered":"https:\/\/linitiative.ca\/International\/performances-democratiques-au-burkina-le-ndi-dresse-un-bilan-positif-au-chef-de-letat\/"},"modified":"2021-06-29T17:08:17","modified_gmt":"2021-06-29T21:08:17","slug":"performances-democratiques-au-burkina-le-ndi-dresse-un-bilan-positif-au-chef-de-letat","status":"publish","type":"post","link":"https:\/\/linitiative.ca\/International\/performances-democratiques-au-burkina-le-ndi-dresse-un-bilan-positif-au-chef-de-letat\/","title":{"rendered":"Performances d\u00e9mocratiques au Burkina : Le NDI dresse un bilan positif au chef  de l\u2019Etat"},"content":{"rendered":"<div>\n<p><strong>Admise \u00e0 faire valoir son droit \u00e0 la retraite, la directrice-r\u00e9sidente de National democratic institute (NDI) au Burkina Faso, Aminata Faye Kass\u00e9, quitte la t\u00eate de la structure. Le mardi 29 juin 2021, au cours d\u2019une audience avec le Pr\u00e9sident du Faso, Roch Marc Christian Kabor\u00e9, elle a pr\u00e9sent\u00e9 les acquis de 17 ans de service au pays des Hommes int\u00e8gres.<\/strong><\/p>\n<p>En fin de mission, la directrice de l\u2019Institut national d\u00e9mocratique pour les affaires internationales (NDI), la S\u00e9n\u00e9galaise Aminata Faye Kass\u00e9, a \u00e9t\u00e9 re\u00e7ue par le Pr\u00e9sident du Faso Roch Marc Christian Kabor\u00e9, le mardi 29 juin 2021, au palais de Kosyam. La visiteuse a indiqu\u00e9 avoir bien accompli sa mission parce qu\u2019elle a b\u00e9n\u00e9fici\u00e9 d\u2019une \u00e9quipe \u00ab dynamique \u00bb et un peuple \u00ab int\u00e8gre \u00bb. \u00ab Je suis venue exprimer ma reconnaissance personnelle et celle de ma structure au pr\u00e9sident du Faso et au peuple burkinab\u00e8 avec lequel nous avons travaill\u00e9 inlassablement durant 17 ans \u00bb, a-t-elle dit.<\/p>\n<p>Aussi, elle a pr\u00e9cis\u00e9 qu\u2019elle ne sera pas red\u00e9ploy\u00e9e dans un autre pays, car dit-elle, elle doit faire valoir son droit \u00e0 la retraite. \u00ab Nous avons eu un riche s\u00e9jour au Burkina Faso avec \u00e0 la clef, un parterre de formations notamment dans les domaines du civisme, de la d\u00e9mocratie, de la gestion de conflits. Nous avons \u00e9galement pris une part active aux diff\u00e9rentes \u00e9ch\u00e9ances \u00e9lectorales qui se sont d\u00e9roul\u00e9es dans le pays, aussi bien sur le plan participatif que technique \u00bb, s\u2019est r\u00e9jouie Mme Faye. Selon elle, plusieurs activit\u00e9s ont \u00e9t\u00e9 men\u00e9es dans des programmes diff\u00e9rents au cours de son mandat.<\/p>\n<p>Elle a donc salu\u00e9 \u00ab l\u2019abn\u00e9gation de tous les acteurs \u00bb qui a permis au NDI de r\u00e9ussir sa mission de renforcement de la d\u00e9mocratie, de formation des femmes leaders engag\u00e9es en politique et qui sont responsabilis\u00e9es dans des partis ou formations politiques en ce qui concerne leur participation active aux affaires politiques et au d\u00e9veloppement endog\u00e8ne. \u00ab Avec les structures juridiques et les parlements des pays du Liptako Gourma, nous avons beaucoup \u0153uvr\u00e9 dans le sens de forger une d\u00e9mocratie durable et une large prise en compte du genre dans les importants cercles de d\u00e9cision \u00bb, a indiqu\u00e9 la directrice sortante de NDI-Burkina.<\/p>\n<p>D\u2019un point de vue global, Aminata Faye Kass\u00e9 a soutenu que le NDI se r\u00e9jouit des performances acquises en termes d\u2019am\u00e9lioration de la transparence dans la gestion publique, de promotion et de sensibilisation \u00e0 la coh\u00e9sion sociale et la s\u00e9curit\u00e9 dans les zones fragilis\u00e9es par le terrorisme (r\u00e9gion du Sahel, du Nord, de l\u2019Est). Le rempla\u00e7ant de Aminata Faye Kass\u00e9 viendra de la C\u00f4te d\u2019Ivoire pour poursuivre les chantiers.<\/p>\n<p style=\"text-align: right\"><strong>Wanl\u00e9 G\u00e9rard COULIBALY<\/strong><\/p>\n<p>L\u2019article <a rel=\"nofollow\" href=\"https:\/\/www.sidwaya.info\/blog\/2021\/06\/29\/performances-democratiques-au-burkina-le-ndi-dresse-un-bilan-positif-au-chef-de-letat\/\">Performances d\u00e9mocratiques au Burkina : Le NDI dresse un bilan positif au chef  de l\u2019Etat<\/a> est apparu en premier sur <a rel=\"nofollow\" href=\"https:\/\/www.sidwaya.info\/\">Quotidien Sidwaya<\/a>.<\/p>\n<\/div>\n<p>Auteur: JK. Sidwaya<br \/>\n<a href=\"https:\/\/www.sidwaya.info\/blog\/2021\/06\/29\/performances-democratiques-au-burkina-le-ndi-dresse-un-bilan-positif-au-chef-de-letat\/\">Cliquez ici pour lire l&rsquo;article depuis sa source.<\/a><\/p>\n","protected":false},"excerpt":{"rendered":"<p>Admise \u00e0 faire valoir son droit \u00e0 la retraite, la directrice-r\u00e9sidente de National democratic institute (NDI) au Burkina Faso, Aminata Faye Kass\u00e9, quitte la t\u00eate de la structure. Le mardi 29 juin 2021, au cours d\u2019une audience avec le Pr\u00e9sident du Faso, Roch Marc Christian Kabor\u00e9, elle a pr\u00e9sent\u00e9 les acquis de 17 ans de [&hellip;]<\/p>\n","protected":false},"author":1816,"featured_media":0,"comment_status":"closed","ping_status":"closed","sticky":false,"template":"","format":"standard","meta":{"fifu_image_url":"","fifu_image_alt":"","footnotes":""},"categories":[73,81],"tags":[],"class_list":["post-119886","post","type-post","status-publish","format-standard","hentry","category-actualite","category-burkina-faso"],"_links":{"self":[{"href":"https:\/\/linitiative.ca\/International\/wp-json\/wp\/v2\/posts\/119886","targetHints":{"allow":["GET"]}}],"collection":[{"href":"https:\/\/linitiative.ca\/International\/wp-json\/wp\/v2\/posts"}],"about":[{"href":"https:\/\/linitiative.ca\/International\/wp-json\/wp\/v2\/types\/post"}],"author":[{"embeddable":true,"href":"https:\/\/linitiative.ca\/International\/wp-json\/wp\/v2\/users\/1816"}],"replies":[{"embeddable":true,"href":"https:\/\/linitiative.ca\/International\/wp-json\/wp\/v2\/comments?post=119886"}],"version-history":[{"count":0,"href":"https:\/\/linitiative.ca\/International\/wp-json\/wp\/v2\/posts\/119886\/revisions"}],"wp:attachment":[{"href":"https:\/\/linitiative.ca\/International\/wp-json\/wp\/v2\/media?parent=119886"}],"wp:term":[{"taxonomy":"category","embeddable":true,"href":"https:\/\/linitiative.ca\/International\/wp-json\/wp\/v2\/categories?post=119886"},{"taxonomy":"post_tag","embeddable":true,"href":"https:\/\/linitiative.ca\/International\/wp-json\/wp\/v2\/tags?post=119886"}],"curies":[{"name":"wp","href":"https:\/\/api.w.org\/{rel}","templated":true}]}}