{"id":119887,"date":"2021-06-29T17:19:36","date_gmt":"2021-06-29T21:19:36","guid":{"rendered":"https:\/\/linitiative.ca\/International\/attaques-au-nord-du-burkina-les-populations-ont-le-droit-de-se-defendre-ministre-ousseni-tamboura\/"},"modified":"2021-06-29T17:19:36","modified_gmt":"2021-06-29T21:19:36","slug":"attaques-au-nord-du-burkina-les-populations-ont-le-droit-de-se-defendre-ministre-ousseni-tamboura","status":"publish","type":"post","link":"https:\/\/linitiative.ca\/International\/attaques-au-nord-du-burkina-les-populations-ont-le-droit-de-se-defendre-ministre-ousseni-tamboura\/","title":{"rendered":"Attaques au Nord du Burkina : \u00ab Les populations ont le droit  de se d\u00e9fendre \u00bb, ministre Ouss\u00e9ni Tamboura"},"content":{"rendered":"<div>\n<p><strong>A la suite de l\u2019attaque de Solhan, ayant fait 132 morts et des critiques venant des organisations de la soci\u00e9t\u00e9 civile et de l\u2019opposition politique sur la gestion de la crise s\u00e9curitaire, le ministre de la Communication et des Relations avec le Parlement, Ouss\u00e9ni Tamboura, de passage \u00e0 Paris, a accord\u00e9 une interview \u00e0 nos confr\u00e8res de Radio France internationale(RFI). Nous vous proposons l\u2019entretien.<\/strong><\/p>\n<p><strong>R.F.I. : Dori, Kaya, Titao, depuis deux semaines, les manifestations se multiplient dans le Nord du pays, au cri de \u00ab des morts, des morts, on n\u2019en veut plus ! \u00bb. Qu\u2019est-ce que vous r\u00e9pondez au ras-le-bol des populations ?<\/strong><\/p>\n<p><strong>Ouss\u00e9ni Tamboura(O.T.) :<\/strong> Alors, je veux leur dire que nous entendons ces cris, cette clameur de la population \u00e0 la suite de la recrudescence des attaques terroristes. Il faut le rappeler, c\u2019est \u00e0 la suite de l\u2019attaque de Solhan et plus r\u00e9cemment d\u2019une embuscade contre des policiers, que nous sommes entr\u00e9s dans cette s\u00e9rie de marches. Ce cri a \u00e9t\u00e9 entendu par le pr\u00e9sident de la R\u00e9publique, que vous avez entendu hier apporter sa r\u00e9ponse en disant : \u00ab oui, j\u2019entends cela : il ne faut pas se tromper d\u2019ennemi, il faut rester concentr\u00e9s, r\u00e9silients et unis. Il y a certainement des choses \u00e0 am\u00e9liorer je me suis engag\u00e9 aussi \u00e0 les am\u00e9liorer et je prendrai des d\u00e9cisions dans ce sens, pour faire en sorte que nous puissions venir \u00e0 bout de ces agressions terroristes contre notre pays \u00bb.<\/p>\n<p><strong>R.F.I. : Cette attaque de Solhan, c\u2019\u00e9tait dans la nuit du 4 au 5 juin dernier, on a compt\u00e9 au moins 132 personnes tu\u00e9es, c\u2019est l\u2019attaque la plus meurtri\u00e8re depuis 2015. Comment expliquez-vous une telle horreur et que ces villageois aient pu \u00eatre tu\u00e9s sans qu\u2019on puisse les d\u00e9fendre ?<\/strong><\/p>\n<p><strong>O.T. :<\/strong> Je ne peux pas me l\u2019expliquer. D\u2019abord, je m\u2019interroge sur la barbarie de l\u2019acte. Comment peut-on tuer 132 personnes qui sont des civils sans armes ? C\u2019est la premi\u00e8re fois que nous avons autant de victimes.<\/p>\n<p><strong>R.F.I. : Et qui est responsable de cette attaque meurtri\u00e8re ?<\/strong><\/p>\n<p><strong>O.T. :<\/strong> Nous avons situ\u00e9 la responsabilit\u00e9 au JNIM [en fran\u00e7ais, GSIM, le Groupe de soutien \u00e0 l\u2019islam et aux musulmans, affili\u00e9 \u00e0 al-Qa\u00efda].<\/p>\n<p><strong>R.F.I. : Est-ce que la cr\u00e9ation des suppl\u00e9tifs VDP, les Volontaires pour la d\u00e9fense de la patrie, c\u2019\u00e9tait il y a 18 mois, n\u2019a pas provoqu\u00e9 un cycle de violence et de repr\u00e9sailles, qui fait qu\u2019aujourd\u2019hui les terroristes s\u2019en prennent aux villageois soup\u00e7onn\u00e9s de devenir VDP ?<\/strong><\/p>\n<p><strong>O.T. :<\/strong> Non, c\u2019est mal conna\u00eetre l\u2019historique des agressions. Revisitez les statistiques historiques ! Il y a eu<br \/>\ndes attaques contre des populations paisibles avant la mise en place des VDP. Au contraire, les tueries contre les populations ont pu aussi, entre autres, motiver la cr\u00e9ation des VDP, puisqu\u2019il faut qu\u2019elles se d\u00e9fendent dans leurs villages.<\/p>\n<p><strong>R.F.I. : En tous cas, ces VDP ne suffisent pas \u00e0 emp\u00eacher les tueries, la preuve !<\/strong><\/p>\n<p><strong>O.T. :<\/strong> Mais on est dans une guerre, une guerre dure. On peut imaginer que, s\u2019il n\u2019y avait pas eu les VDP, peut-\u00eatre que le bilan aurait \u00e9t\u00e9 plus \u00e9lev\u00e9.<br \/>\nEt on a le bilan de ce que les VDP font ! Ils font un travail remarquable, ils ont neutralis\u00e9 des terroristes, ils ont rapport\u00e9 des renseignements aux forces arm\u00e9es qui ont pu faire un travail remarquable. Donc je pense que ce qu\u2019il faut faire aujourd\u2019hui, c\u2019est de voir comment on peut renforcer ces VDP en effectifs et en capacit\u00e9. Ils ont fait d\u2019\u00e9normes sacrifices, beaucoup d\u2019entre eux sont morts ! Les populations ont le droit de se d\u00e9fendre.<\/p>\n<p><strong>R.F.I. : Dans sa d\u00e9claration de ce dimanche 27 juin, le pr\u00e9sident a dit que \u00ab la trag\u00e9die d\u2019une cruaut\u00e9 inou\u00efe perp\u00e9tr\u00e9e \u00e0 Solhan vient nous conforter dans la conviction que le combat contre le terrorisme a pris une nouvelle tournure \u00bb.<\/strong><\/p>\n<p><strong>O.T. :<\/strong> Oui, absolument ! Elle a marqu\u00e9 tous les esprits par sa barbarie, \u00e7a veut dire que nous passons \u00e0 une autre vitesse, \u00e0 un autre niveau de violence, et \u00e7a m\u00e9rite qu\u2019on r\u00e9interroge nos strat\u00e9gies de r\u00e9ponse. Comment faire pour que cela ne se r\u00e9p\u00e8te pas ? Il s\u2019agit ici, effectivement, comme l\u2019a dit le pr\u00e9sident du Faso, de faire en sorte que l\u2019arm\u00e9e soit plus efficace.<\/p>\n<p>Il faut d\u2019abord la r\u00e9\u00e9quiper, ce qui est fait depuis 2016 et depuis 2018, il y a une loi de programmation militaire qui stabilise les ressources budg\u00e9taires pour \u00e9quiper et renforcer les forces arm\u00e9es, ce qui ne s\u2019\u00e9tait jamais pass\u00e9 dans notre pays ! Cela veut dire que, quelle que soit la situation budg\u00e9taire du pays, ses ressources sont \u00e0 la disposition des forces arm\u00e9es et vous pouvez constater les efforts qui sont faits ! Les moyens a\u00e9riens sont de plus en plus pr\u00e9sents !<\/p>\n<p><strong>R.F.I. : Des drones ?<\/strong><\/p>\n<p><strong>O.T. :<\/strong> Pas des drones, je peux d\u00e9j\u00e0 parler des h\u00e9licopt\u00e8res, nous en avons de plus en plus. De plus, des unit\u00e9s sp\u00e9ciales ont \u00e9t\u00e9 mont\u00e9es et aguerries \u00e0 ce type de lutte et ainsi de suite. La semaine derni\u00e8re, avec les forces arm\u00e9es nig\u00e9riennes, il y a eu des op\u00e9rations conjointes.<\/p>\n<p><strong>R.F.I. : Aujourd\u2019hui, l\u2019opposition, et notamment le CDP d\u2019Eddie Kombo\u00efgo, vous accuse d\u2019\u00eatre \u00abincapables de trouver des solutions pour la s\u00e9curit\u00e9 des Burkinab\u00e8 \u00bb. Le CDP invite les populations \u00e0 manifester samedi prochain, qu\u2019est-ce que vous r\u00e9pondez ?<\/strong><\/p>\n<p><strong>O.T. :<\/strong> D\u2019abord ce n\u2019est pas nouveau, nous sortons des \u00e9lections qui ont eu lieu il y a 6 mois, o\u00f9 chacun avait son programme et l\u2019a pr\u00e9sent\u00e9 aux populations. Le pr\u00e9sident Kabor\u00e9 a \u00e9t\u00e9 r\u00e9\u00e9lu avec une forte majorit\u00e9, Eddie Kombo\u00efgo est arriv\u00e9 deuxi\u00e8me. Je consid\u00e8re que, lorsque nous devons lutter contre le terrorisme, il est<br \/>\nquestion d\u2019unit\u00e9 nationale et pas de fragiliser la nation. Comme le pr\u00e9sident l\u2019a rappel\u00e9, il ne faut pas se tromper d\u2019ennemi !<\/p>\n<p><strong>R.F.I. : Oui, mais quand il y a le ras-le-bol de la population comme elle s\u2019exprime depuis deux semaines dans plusieurs grandes villes du Nord, est-ce qu\u2019il n\u2019est pas logique que l\u2019opposition se mobilise et appelle \u00e0 manifester ?<\/strong><\/p>\n<p><strong>O.T. :<\/strong> Il y a d\u2019autres fa\u00e7ons de se mobiliser ! Ils pouvaient se mobiliser en encourageant les populations \u00e0 s\u2019enr\u00f4ler dans les Volontaires de d\u00e9fense de la patrie. Ils pouvaient se mobiliser dans la sensibilisation des jeunes \u00e0 ne pas se laisser enr\u00f4ler par les terroristes. Donc en tant que citoyen, chacun de nous doit peut-\u00eatre regarder.<br \/>\nCe n\u2019est pas en marchant, en faisant de la r\u00e9cup\u00e9ration politique parce que nous avons des \u00e9lections locales dans quelques mois \u2026 Je ne pense pas que ce soit la bonne strat\u00e9gie. De ce que nous savons de l\u2019histoire des peuples et des nations, quand il y a un p\u00e9ril-majorit\u00e9 comme opposants- en principe, ils font ce qu\u2019on appelle l\u2019union sacr\u00e9e pour y faire face !<\/p>\n<p style=\"text-align: right\"><strong>Source : RFI<\/strong><\/p>\n<p>L\u2019article <a rel=\"nofollow\" href=\"https:\/\/www.sidwaya.info\/blog\/2021\/06\/29\/attaques-au-nord-du-burkina-les-populations-ont-le-droit-de-se-defendre-ministre-ousseni-tamboura\/\">Attaques au Nord du Burkina : \u00ab Les populations ont le droit  de se d\u00e9fendre \u00bb, ministre Ouss\u00e9ni Tamboura<\/a> est apparu en premier sur <a rel=\"nofollow\" href=\"https:\/\/www.sidwaya.info\/\">Quotidien Sidwaya<\/a>.<\/p>\n<\/div>\n<p>Auteur: JK. Sidwaya<br \/>\n<a href=\"https:\/\/www.sidwaya.info\/blog\/2021\/06\/29\/attaques-au-nord-du-burkina-les-populations-ont-le-droit-de-se-defendre-ministre-ousseni-tamboura\/\">Cliquez ici pour lire l&rsquo;article depuis sa source.<\/a><\/p>\n","protected":false},"excerpt":{"rendered":"<p>A la suite de l\u2019attaque de Solhan, ayant fait 132 morts et des critiques venant des organisations de la soci\u00e9t\u00e9 civile et de l\u2019opposition politique sur la gestion de la crise s\u00e9curitaire, le ministre de la Communication et des Relations avec le Parlement, Ouss\u00e9ni Tamboura, de passage \u00e0 Paris, a accord\u00e9 une interview \u00e0 nos [&hellip;]<\/p>\n","protected":false},"author":1816,"featured_media":0,"comment_status":"closed","ping_status":"closed","sticky":false,"template":"","format":"standard","meta":{"fifu_image_url":"","fifu_image_alt":"","footnotes":""},"categories":[73,81],"tags":[],"class_list":["post-119887","post","type-post","status-publish","format-standard","hentry","category-actualite","category-burkina-faso"],"_links":{"self":[{"href":"https:\/\/linitiative.ca\/International\/wp-json\/wp\/v2\/posts\/119887","targetHints":{"allow":["GET"]}}],"collection":[{"href":"https:\/\/linitiative.ca\/International\/wp-json\/wp\/v2\/posts"}],"about":[{"href":"https:\/\/linitiative.ca\/International\/wp-json\/wp\/v2\/types\/post"}],"author":[{"embeddable":true,"href":"https:\/\/linitiative.ca\/International\/wp-json\/wp\/v2\/users\/1816"}],"replies":[{"embeddable":true,"href":"https:\/\/linitiative.ca\/International\/wp-json\/wp\/v2\/comments?post=119887"}],"version-history":[{"count":0,"href":"https:\/\/linitiative.ca\/International\/wp-json\/wp\/v2\/posts\/119887\/revisions"}],"wp:attachment":[{"href":"https:\/\/linitiative.ca\/International\/wp-json\/wp\/v2\/media?parent=119887"}],"wp:term":[{"taxonomy":"category","embeddable":true,"href":"https:\/\/linitiative.ca\/International\/wp-json\/wp\/v2\/categories?post=119887"},{"taxonomy":"post_tag","embeddable":true,"href":"https:\/\/linitiative.ca\/International\/wp-json\/wp\/v2\/tags?post=119887"}],"curies":[{"name":"wp","href":"https:\/\/api.w.org\/{rel}","templated":true}]}}