{"id":119893,"date":"2021-06-29T17:44:27","date_gmt":"2021-06-29T21:44:27","guid":{"rendered":"https:\/\/linitiative.ca\/International\/khalil-bara-president-de-la-haute-cour-de-justice-le-dossier-de-linsurrection-est-pret\/"},"modified":"2021-06-29T17:44:27","modified_gmt":"2021-06-29T21:44:27","slug":"khalil-bara-president-de-la-haute-cour-de-justice-le-dossier-de-linsurrection-est-pret","status":"publish","type":"post","link":"https:\/\/linitiative.ca\/International\/khalil-bara-president-de-la-haute-cour-de-justice-le-dossier-de-linsurrection-est-pret\/","title":{"rendered":"Khalil Bara, pr\u00e9sident de la Haute Cour  de justice : \u00ab\u00a0Le dossier de l\u2019insurrection est pr\u00eat\u00a0\u00bb"},"content":{"rendered":"<div>\n<p><strong>Les membres de la Haute Cour de justice se sont r\u00e9unis, le mardi 29 juin 2021, \u00e0 Ouagadougou, pour d\u00e9finir leur feuille de route et s\u2019approprier leur r\u00f4le<\/strong><\/p>\n<p>Les juges de la Haute Cour de justice s\u2019appr\u00eatent \u00e0 d\u00e9buter leur travail. Apr\u00e8s avoir pr\u00eat\u00e9 serment le 28 avril 2021, ils envisagent l\u2019\u00e9laboration de la feuille de route qui doit leur permettre de mener \u00e0 bien leurs missions. Ils se sont retrouv\u00e9s, le mardi 29 juin 2021, dans l\u2019enceinte de ladite Cour, \u00e0 Ouagadougou, pour appr\u00e9hender les d\u00e9fis qui les attendent durant le mandat 2021-2025.\u00ab\u00a0Depuis la prestation de serment, suivie de l\u2019\u00e9lection du bureau de la Haute Cour de justice, c\u2019est la premi\u00e8re fois que nous nous retrouvons pour \u00e9changer autour d\u2019une feuille de route qui va nous permettre de nous saisir des dossiers qui sont pr\u00eats et de travailler\u00a0\u00bb, a d\u00e9clar\u00e9 le pr\u00e9sident de la Haute Cour de justice, Khalil Bara.<\/p>\n<p>Compos\u00e9e \u00e0 la fois de juges parlementaires et de magistrats professionnels, ils vont dans un premier temps assimiler les pr\u00e9ceptes inh\u00e9rents au droit et s\u2019approprier leur r\u00f4le afin d\u2019avoir une meilleure compr\u00e9hension de leurs responsabilit\u00e9s. \u00ab\u00a0Ce sera l\u2019occasion pour nous tous de nous accorder sur les pr\u00e9ceptes d\u2019autant plus que nous venons d\u2019horizons divers. Il y a des pr\u00e9ceptes que nous devons int\u00e9rioriser. C\u2019est du droit et il n\u2019est pas \u00e9vident que tout le monde comprenne le langage juridique. C\u2019est dans ce sens que nous avons souhait\u00e9 faire une formation pour permettre \u00e0 chacun de comprendre son r\u00f4le et de travailler dans l\u2019union et dans la coh\u00e9sion\u00a0\u00bb, a pr\u00e9cis\u00e9 Khalil Bara.<\/p>\n<p>A cet effet, il a invit\u00e9 les juges parlementaires et professionnels \u00e0 faire preuve de \u00ab\u00a0solidarit\u00e9 et de disponibilit\u00e9 pour dire le droit, rien que le droit\u00a0\u00bb. Dans la situation actuelle du pays o\u00f9 le terrorisme s\u00e9vit et o\u00f9 l\u2019Etat recherche la r\u00e9conciliation des Burkinab\u00e8, a indiqu\u00e9 Khalil Bara, leur r\u00f4le en tant qu\u2019institution judiciaire en amont du processus de r\u00e9conciliation est d\u00e9terminant.<\/p>\n<p>\u00ab\u00a0J\u2019invite tous les juges, les auxiliaires de justice et le personnel de la Haute Cour de justice, \u00e0 \u00eatre pr\u00eats pour que nous puissions ensemble ex\u00e9cuter la feuille de route que nous allons \u00e9laborer\u00a0\u00bb, a-t-il soulign\u00e9. M. Bara a confi\u00e9 que le dossier \u00ab\u00a0embl\u00e9matique\u00a0\u00bb de l\u2019insurrection qui avait connu un d\u00e9but de proc\u00e8s suivi d\u2019une suspension est pr\u00eat. Et d\u2019ajouter qu\u2019il y a d\u2019autres dossiers qui sont \u00e9galement pr\u00eats, d\u2019o\u00f9 la n\u00e9cessit\u00e9 de s\u2019organiser pour qu\u2019il y ait des proc\u00e8s dans les semaines ou les mois \u00e0 venir.<\/p>\n<p>\u00ab\u00a0Il ne nous manque que les moyens, \u00e0 savoir les ressources n\u00e9cessaires pour d\u00e9buter les proc\u00e8s\u00a0\u00bb, a laiss\u00e9 entendre le pr\u00e9sident de la Haute Cour de justice.<br \/>\nLe Procureur g\u00e9n\u00e9ral de la Haute Cour de justice, Dama Ouali, a soutenu que c\u2019est \u00ab\u00a0un atout majeur\u00a0\u00bb que d\u2019avoir parmi les juges parlementaires des avocats qui sont aussi des professionnels du droit.<\/p>\n<p>A l\u2019entendre, les juges parlementaires vont b\u00e9n\u00e9ficier de l\u2019appui des juges professionnels qui ont une longue exp\u00e9rience.\u00a0\u00ab\u00a0La t\u00e2che sera d\u00e9licate. Vous aurez \u00e0 juger des hommes qui ont tous les droits pour se d\u00e9fendre. La loi leur permet d\u2019utiliser tous les moyens qui sont \u00e0 leur disposition pour leur d\u00e9fense\u00a0\u00bb, a-t-il pr\u00e9venu.<\/p>\n<p style=\"text-align: right\"><strong>Karim BADOLO<\/strong><\/p>\n<p>L\u2019article <a rel=\"nofollow\" href=\"https:\/\/www.sidwaya.info\/blog\/2021\/06\/29\/khalil-bara-president-de-la-haute-cour-de-justice-le-dossier-de-linsurrection-est-pret\/\">Khalil Bara, pr\u00e9sident de la Haute Cour  de justice : \u00ab\u00a0Le dossier de l\u2019insurrection est pr\u00eat\u00a0\u00bb<\/a> est apparu en premier sur <a rel=\"nofollow\" href=\"https:\/\/www.sidwaya.info\/\">Quotidien Sidwaya<\/a>.<\/p>\n<\/div>\n<p>Auteur: JK. Sidwaya<br \/>\n<a href=\"https:\/\/www.sidwaya.info\/blog\/2021\/06\/29\/khalil-bara-president-de-la-haute-cour-de-justice-le-dossier-de-linsurrection-est-pret\/\">Cliquez ici pour lire l&rsquo;article depuis sa source.<\/a><\/p>\n","protected":false},"excerpt":{"rendered":"<p>Les membres de la Haute Cour de justice se sont r\u00e9unis, le mardi 29 juin 2021, \u00e0 Ouagadougou, pour d\u00e9finir leur feuille de route et s\u2019approprier leur r\u00f4le Les juges de la Haute Cour de justice s\u2019appr\u00eatent \u00e0 d\u00e9buter leur travail. Apr\u00e8s avoir pr\u00eat\u00e9 serment le 28 avril 2021, ils envisagent l\u2019\u00e9laboration de la feuille [&hellip;]<\/p>\n","protected":false},"author":1816,"featured_media":0,"comment_status":"closed","ping_status":"closed","sticky":false,"template":"","format":"standard","meta":{"fifu_image_url":"","fifu_image_alt":"","footnotes":""},"categories":[73,81],"tags":[],"class_list":["post-119893","post","type-post","status-publish","format-standard","hentry","category-actualite","category-burkina-faso"],"_links":{"self":[{"href":"https:\/\/linitiative.ca\/International\/wp-json\/wp\/v2\/posts\/119893","targetHints":{"allow":["GET"]}}],"collection":[{"href":"https:\/\/linitiative.ca\/International\/wp-json\/wp\/v2\/posts"}],"about":[{"href":"https:\/\/linitiative.ca\/International\/wp-json\/wp\/v2\/types\/post"}],"author":[{"embeddable":true,"href":"https:\/\/linitiative.ca\/International\/wp-json\/wp\/v2\/users\/1816"}],"replies":[{"embeddable":true,"href":"https:\/\/linitiative.ca\/International\/wp-json\/wp\/v2\/comments?post=119893"}],"version-history":[{"count":0,"href":"https:\/\/linitiative.ca\/International\/wp-json\/wp\/v2\/posts\/119893\/revisions"}],"wp:attachment":[{"href":"https:\/\/linitiative.ca\/International\/wp-json\/wp\/v2\/media?parent=119893"}],"wp:term":[{"taxonomy":"category","embeddable":true,"href":"https:\/\/linitiative.ca\/International\/wp-json\/wp\/v2\/categories?post=119893"},{"taxonomy":"post_tag","embeddable":true,"href":"https:\/\/linitiative.ca\/International\/wp-json\/wp\/v2\/tags?post=119893"}],"curies":[{"name":"wp","href":"https:\/\/api.w.org\/{rel}","templated":true}]}}