{"id":119896,"date":"2021-06-29T14:18:02","date_gmt":"2021-06-29T18:18:02","guid":{"rendered":"https:\/\/linitiative.ca\/International\/le-senegal-repertorie-son-patrimoine-culturel-immateriel\/"},"modified":"2021-06-29T14:18:02","modified_gmt":"2021-06-29T18:18:02","slug":"le-senegal-repertorie-son-patrimoine-culturel-immateriel","status":"publish","type":"post","link":"https:\/\/linitiative.ca\/International\/le-senegal-repertorie-son-patrimoine-culturel-immateriel\/","title":{"rendered":"Le S\u00e9n\u00e9gal r\u00e9pertorie son patrimoine culturel immat\u00e9riel"},"content":{"rendered":"<div>\n<p><img loading=\"lazy\" decoding=\"async\" width=\"650\" height=\"488\" src=\"https:\/\/linitiative.ca\/International\/wp-content\/uploads\/sites\/23\/2021\/06\/16249906825657.jpg\" class=\"attachment-post-thumbnail size-post-thumbnail wp-post-image\" alt=\"\" srcset=\"https:\/\/linitiative.ca\/International\/wp-content\/uploads\/sites\/23\/2021\/06\/16249906825657.jpg 650w, https:\/\/www.journalducameroun.com\/wp-content\/uploads\/2021\/06\/16249906825657-300x225.jpg 300w, https:\/\/www.journalducameroun.com\/wp-content\/uploads\/2021\/06\/16249906825657-586x440.jpg 586w, https:\/\/www.journalducameroun.com\/wp-content\/uploads\/2021\/06\/16249906825657-600x450.jpg 600w\" sizes=\"auto, (max-width: 650px) 100vw, 650px\"><\/p>\n<p>Le catalogue de l&rsquo;inventaire national pilote du patrimoine culturel immat\u00e9riel (PCI) du S\u00e9n\u00e9gal a \u00e9t\u00e9 rendu public ce mardi au Mus\u00e9e des Civilisations noires.Le S\u00e9n\u00e9gal dispose d&rsquo;un riche patrimoine culturel immat\u00e9riel (PCI). En effet, un inventaire pilote effectu\u00e9 dans les quatorze r\u00e9gions du pays par la Direction du Patrimoine culturel a permis de r\u00e9pertorier et de documenter 59 \u00e9l\u00e9ments, inscrits sur la liste repr\u00e9sentative nationale du PCI.<\/p>\n<p>Cet inventaire non exhaustif comprend entre autres \u00ab Le B\u00c0KK \u00bb, une d\u00e9clamation po\u00e9tique du lutteur dont la vocation est de pr\u00e9senter le palmar\u00e8s de celui-ci ; \u00ab Le LAABAAN \u00bb, rituel de c\u00e9l\u00e9bration de la nuit nuptiale en milieu wolof ; \u00ab Le YARO \u00bb, c\u00e9r\u00e9monie publique festive organis\u00e9e par les Peuls apr\u00e8s une bonne saison pluvieuse\u2026<\/p>\n<p>Selon l&rsquo;Unesco, le PCI d\u00e9signe les traditions ou expressions vivantes h\u00e9rit\u00e9es de nos anc\u00eatres et transmises \u00e0 nos descendants, comme les traditions orales, les arts du spectacle, les pratiques sociales, rituels et \u00e9v\u00e9nements festifs, les connaissances et pratiques concernant la nature et l&rsquo;univers ou les connaissances et le savoir-faire n\u00e9cessaires \u00e0 l&rsquo;artisanat traditionnel.<\/p>\n<p>Il s&rsquo;agit de l&rsquo;inventaire de cinquante-neuf \u00e9l\u00e9ments du patrimoine culturel immat\u00e9riel avec la participation directe des communaut\u00e9s. Cet inventaire n&rsquo;est pas fig\u00e9. Il est vou\u00e9 \u00e0 \u00e9voluer, \u00e0 s&rsquo;\u00e9largir et \u00e0 vivre.<\/p>\n<p>Au-del\u00e0 du recensement de ces \u00e9l\u00e9ments du PCI, ce projet a permis la consolidation d&rsquo;une masse critique d&rsquo;expertise nationale sur la mise en \u0153uvre de la Convention pour la sauvegarde du patrimoine culturel immat\u00e9riel.<\/p>\n<p>Quatorze directeurs de centres culturels r\u00e9gionaux, des repr\u00e9sentants des communaut\u00e9s et quatre experts en patrimoine culturel immat\u00e9riel ont ainsi \u00e9t\u00e9 form\u00e9s. Les experts sont devenus des r\u00e9f\u00e9rents nationaux qui ont \u00e9t\u00e9 munis d&rsquo;instruments conceptuels n\u00e9cessaires pour r\u00e9aliser des inventaires communautaires de mani\u00e8re op\u00e9rationnelle.<\/p>\n<p>Par ailleurs, plus de 25 acteurs engag\u00e9s dans la sauvegarde du patrimoine culturel immat\u00e9riel du S\u00e9n\u00e9gal ont acquis des notions fondamentales pour l&rsquo;\u00e9laboration de plan de sauvegarde. Ces comp\u00e9tences seront utiles \u00e0 la finalisation de plans de sauvegarde du patrimoine culturel et immat\u00e9riel dans le futur.<\/p>\n<p>En outre, quelque 500 personnes ont \u00e9t\u00e9 directement touch\u00e9es par les s\u00e9ances de sensibilisation durant cet inventaire. Un catalogue a \u00e9t\u00e9 r\u00e9alis\u00e9 \u00e0 ce propos pour restituer ce travail de sauvegarde aupr\u00e8s des communaut\u00e9s. Cet inventaire constitue aussi une expertise pilote d&rsquo;introduction du PCI dans les enseignements.<\/p>\n<p>Pr\u00e9sidant la c\u00e9r\u00e9monie la c\u00e9r\u00e9monie officielle de Restitution de cet inventaire le ministre de la Culture et de la Communication, Abdoulaye Diop, a exhort\u00e9 la direction du patrimoine culturel \u00ab \u00e0 poursuivre et renforcer ce programme au-del\u00e0 de cet inventaire pilote en \u00e9laborant des strat\u00e9gies de valorisation \u00e0 travers les syst\u00e8mes \u00e9ducatifs, la promotion des festivals des terroirs, de tourisme culturel et bien d&rsquo;autres outils qui permettront au PCI de rester vivant \u00bb.<\/p>\n<p>Cet article <a rel=\"nofollow\" href=\"https:\/\/www.journalducameroun.com\/le-senegal-repertorie-son-patrimoine-culturel-immateriel\/\">Le S\u00e9n\u00e9gal r\u00e9pertorie son patrimoine culturel immat\u00e9riel<\/a> est apparu en premier sur <a rel=\"nofollow\" href=\"https:\/\/www.journalducameroun.com\/\">Journal du Cameroun<\/a>.<\/p>\n<\/div>\n<p>Auteur: APA News<br \/>\n<a href=\"https:\/\/www.journalducameroun.com\/le-senegal-repertorie-son-patrimoine-culturel-immateriel\/\">Cliquez ici pour lire l&rsquo;article depuis sa source.<\/a><\/p>\n","protected":false},"excerpt":{"rendered":"<p>Le catalogue de l&rsquo;inventaire national pilote du patrimoine culturel immat\u00e9riel (PCI) du S\u00e9n\u00e9gal a \u00e9t\u00e9 rendu public ce mardi au Mus\u00e9e des Civilisations noires.Le S\u00e9n\u00e9gal dispose d&rsquo;un riche patrimoine culturel immat\u00e9riel (PCI). En effet, un inventaire pilote effectu\u00e9 dans les quatorze r\u00e9gions du pays par la Direction du Patrimoine culturel a permis de r\u00e9pertorier et [&hellip;]<\/p>\n","protected":false},"author":1965,"featured_media":0,"comment_status":"closed","ping_status":"closed","sticky":false,"template":"","format":"standard","meta":{"fifu_image_url":"https:\/\/www.journalducameroun.com\/wp-content\/uploads\/2021\/06\/16249906825657.jpg","fifu_image_alt":"Le S\u00e9n\u00e9gal r\u00e9pertorie son patrimoine culturel immat\u00e9riel","footnotes":""},"categories":[73,82],"tags":[],"class_list":["post-119896","post","type-post","status-publish","format-standard","hentry","category-actualite","category-cameroun"],"_links":{"self":[{"href":"https:\/\/linitiative.ca\/International\/wp-json\/wp\/v2\/posts\/119896","targetHints":{"allow":["GET"]}}],"collection":[{"href":"https:\/\/linitiative.ca\/International\/wp-json\/wp\/v2\/posts"}],"about":[{"href":"https:\/\/linitiative.ca\/International\/wp-json\/wp\/v2\/types\/post"}],"author":[{"embeddable":true,"href":"https:\/\/linitiative.ca\/International\/wp-json\/wp\/v2\/users\/1965"}],"replies":[{"embeddable":true,"href":"https:\/\/linitiative.ca\/International\/wp-json\/wp\/v2\/comments?post=119896"}],"version-history":[{"count":0,"href":"https:\/\/linitiative.ca\/International\/wp-json\/wp\/v2\/posts\/119896\/revisions"}],"wp:attachment":[{"href":"https:\/\/linitiative.ca\/International\/wp-json\/wp\/v2\/media?parent=119896"}],"wp:term":[{"taxonomy":"category","embeddable":true,"href":"https:\/\/linitiative.ca\/International\/wp-json\/wp\/v2\/categories?post=119896"},{"taxonomy":"post_tag","embeddable":true,"href":"https:\/\/linitiative.ca\/International\/wp-json\/wp\/v2\/tags?post=119896"}],"curies":[{"name":"wp","href":"https:\/\/api.w.org\/{rel}","templated":true}]}}