{"id":119898,"date":"2021-06-29T14:18:02","date_gmt":"2021-06-29T18:18:02","guid":{"rendered":"https:\/\/linitiative.ca\/International\/covid-19-baisse-de-chiffres-daffaires-des-entreprises-ivoiriennes\/"},"modified":"2021-06-29T14:18:02","modified_gmt":"2021-06-29T18:18:02","slug":"covid-19-baisse-de-chiffres-daffaires-des-entreprises-ivoiriennes","status":"publish","type":"post","link":"https:\/\/linitiative.ca\/International\/covid-19-baisse-de-chiffres-daffaires-des-entreprises-ivoiriennes\/","title":{"rendered":"Covid-19: baisse de chiffres d\u2019affaires des entreprises ivoiriennes"},"content":{"rendered":"<div>\n<p><img loading=\"lazy\" decoding=\"async\" width=\"800\" height=\"533\" src=\"https:\/\/linitiative.ca\/International\/wp-content\/uploads\/sites\/23\/2021\/06\/16249906829536.jpg\" class=\"attachment-post-thumbnail size-post-thumbnail wp-post-image\" alt=\"\" srcset=\"https:\/\/linitiative.ca\/International\/wp-content\/uploads\/sites\/23\/2021\/06\/16249906829536.jpg 800w, https:\/\/www.journalducameroun.com\/wp-content\/uploads\/2021\/06\/16249906829536-300x200.jpg 300w, https:\/\/www.journalducameroun.com\/wp-content\/uploads\/2021\/06\/16249906829536-768x512.jpg 768w, https:\/\/www.journalducameroun.com\/wp-content\/uploads\/2021\/06\/16249906829536-660x440.jpg 660w, https:\/\/www.journalducameroun.com\/wp-content\/uploads\/2021\/06\/16249906829536-600x400.jpg 600w\" sizes=\"auto, (max-width: 800px) 100vw, 800px\"><\/p>\n<p>La crise sanitaire de Covid-19 a caus\u00e9 une \u00ab\u00a0perte d&rsquo;activit\u00e9s et une baisse de chiffres d&rsquo;affaires de 20 \u00e0 25%\u00a0\u00bb en moyenne sur l&rsquo;ensemble des entreprises en C\u00f4te d&rsquo;Ivoire, selon le pr\u00e9sident du Patronat ivoirien, Jean-Marie Ackah.<\/p>\n<p>\u00ab\u00a0La pand\u00e9mie de la Covid-19 a eu un impact important sur les entreprises avec une perte d&rsquo;activit\u00e9s et une baisse de chiffres d&rsquo;affaires de l&rsquo;ordre de 20 \u00e0 25% sur l&rsquo;ensemble des entreprises, en moyenne\u00a0\u00bb, a dit mardi \u00e0 Abidjan M. Jean-Marie Ackah, en marge d&rsquo;une Assembl\u00e9e g\u00e9n\u00e9rale ordinaire de la Conf\u00e9d\u00e9ration g\u00e9n\u00e9rale des entreprises de C\u00f4te d&rsquo;Ivoire (Cgeci, Patronat ivoirien).<\/p>\n<p>Toutefois, \u00ab\u00a0nous avons quelques satisfactions dans cette crise. Malgr\u00e9 ce contexte difficile, c&rsquo;est que nous avons not\u00e9 que la destruction des emplois en C\u00f4te d&rsquo;Ivoire, est rest\u00e9e contenue dans des proportions que nous consid\u00e9rons plus que raisonnables\u00a0\u00bb, a-t-il relev\u00e9. \u00a0<\/p>\n<p>\u00ab\u00a0Aujourd&rsquo;hui, nous pensons que l&#8217;emploi a pu \u00eatre globalement pr\u00e9serv\u00e9, malgr\u00e9 ce contexte de crise, ce qui met nos entreprises en capacit\u00e9 de pouvoir rebondir apr\u00e8s cette crise\u00a0\u00bb, a ajout\u00e9 le pr\u00e9sident du Patronat ivoirien.<\/p>\n<p>L&rsquo;Assembl\u00e9e g\u00e9n\u00e9rale ordinaire a permis de faire la revue du rapport moral et financier du Conseil d&rsquo;administration sur la marche de la Cgeci, le Patronat ivoirien, pendant l&rsquo;exercice clos au 31 d\u00e9cembre 2020, \u00e0 la Maison de l&rsquo;entreprise, le si\u00e8ge de l&rsquo;organisation.<\/p>\n<p>Un nouvel adh\u00e9rent a int\u00e9gr\u00e9 le Conseil d&rsquo;administration de la Cgeci, de \u00ab\u00a0plein droit\u00a0\u00bb, notamment le Groupement des professionnels du secteur minier de C\u00f4te d&rsquo;Ivoire, \u00a0qui a \u00e9t\u00e9 admis \u00e0 la fa\u00eeti\u00e8re \u00ab\u00a0ces derniers jours\u00a0\u00bb.<\/p>\n<p>Les tr\u00e8s grandes entreprises sont repr\u00e9sent\u00e9es par Mme Martine Coffi-Studer et Mamadou Doumbia (SMB), les grandes entreprises par Tanoe Niamkey et Ali Badini, tandis que les Petites entreprises sont repr\u00e9sent\u00e9es par Kaera Fod\u00e9 et Aissatou Ciss\u00e9-Seye.<\/p>\n<p>Six membres ont \u00e9t\u00e9 propos\u00e9s par le pr\u00e9sident du Patronat ivoirien pour int\u00e9grer le Conseil d&rsquo;administration, notamment M. Pierre Magne, P\u00e2come Mondon, Th\u00e9odore Hoegah, Sebatien Kadio-Morokro, Allassane Doumbia et Guillaume Koffi.<\/p>\n<p>Huit administrateurs sont sortis du Conseil d&rsquo;administration : \u00c9mile Nanga (Ocab), Massogb\u00e8 Tour\u00e9, Habib Kon\u00e9, Patrick Mbengue, Jean-Luc Chalhou (Unetel), St\u00e9phane Eholie, Guy Mbengue et Mohamed Dao.<\/p>\n<p>Cet article <a rel=\"nofollow\" href=\"https:\/\/www.journalducameroun.com\/covid-19-baisse-de-chiffres-daffaires-des-entreprises-ivoiriennes\/\">Covid-19: baisse de chiffres d\u2019affaires des entreprises ivoiriennes<\/a> est apparu en premier sur <a rel=\"nofollow\" href=\"https:\/\/www.journalducameroun.com\/\">Journal du Cameroun<\/a>.<\/p>\n<\/div>\n<p>Auteur: APA News<br \/>\n<a href=\"https:\/\/www.journalducameroun.com\/covid-19-baisse-de-chiffres-daffaires-des-entreprises-ivoiriennes\/\">Cliquez ici pour lire l&rsquo;article depuis sa source.<\/a><\/p>\n","protected":false},"excerpt":{"rendered":"<p>La crise sanitaire de Covid-19 a caus\u00e9 une \u00ab\u00a0perte d&rsquo;activit\u00e9s et une baisse de chiffres d&rsquo;affaires de 20 \u00e0 25%\u00a0\u00bb en moyenne sur l&rsquo;ensemble des entreprises en C\u00f4te d&rsquo;Ivoire, selon le pr\u00e9sident du Patronat ivoirien, Jean-Marie Ackah. \u00ab\u00a0La pand\u00e9mie de la Covid-19 a eu un impact important sur les entreprises avec une perte d&rsquo;activit\u00e9s et [&hellip;]<\/p>\n","protected":false},"author":1965,"featured_media":0,"comment_status":"closed","ping_status":"closed","sticky":false,"template":"","format":"standard","meta":{"fifu_image_url":"https:\/\/www.journalducameroun.com\/wp-content\/uploads\/2021\/06\/16249906829536.jpg","fifu_image_alt":"Covid-19: baisse de chiffres d\u2019affaires des entreprises ivoiriennes","footnotes":""},"categories":[73,82],"tags":[],"class_list":["post-119898","post","type-post","status-publish","format-standard","hentry","category-actualite","category-cameroun"],"_links":{"self":[{"href":"https:\/\/linitiative.ca\/International\/wp-json\/wp\/v2\/posts\/119898","targetHints":{"allow":["GET"]}}],"collection":[{"href":"https:\/\/linitiative.ca\/International\/wp-json\/wp\/v2\/posts"}],"about":[{"href":"https:\/\/linitiative.ca\/International\/wp-json\/wp\/v2\/types\/post"}],"author":[{"embeddable":true,"href":"https:\/\/linitiative.ca\/International\/wp-json\/wp\/v2\/users\/1965"}],"replies":[{"embeddable":true,"href":"https:\/\/linitiative.ca\/International\/wp-json\/wp\/v2\/comments?post=119898"}],"version-history":[{"count":0,"href":"https:\/\/linitiative.ca\/International\/wp-json\/wp\/v2\/posts\/119898\/revisions"}],"wp:attachment":[{"href":"https:\/\/linitiative.ca\/International\/wp-json\/wp\/v2\/media?parent=119898"}],"wp:term":[{"taxonomy":"category","embeddable":true,"href":"https:\/\/linitiative.ca\/International\/wp-json\/wp\/v2\/categories?post=119898"},{"taxonomy":"post_tag","embeddable":true,"href":"https:\/\/linitiative.ca\/International\/wp-json\/wp\/v2\/tags?post=119898"}],"curies":[{"name":"wp","href":"https:\/\/api.w.org\/{rel}","templated":true}]}}