{"id":119900,"date":"2021-06-29T15:18:02","date_gmt":"2021-06-29T19:18:02","guid":{"rendered":"https:\/\/linitiative.ca\/International\/cote-divoire-arret-de-travail-des-boulangers-lundi\/"},"modified":"2021-06-29T15:18:02","modified_gmt":"2021-06-29T19:18:02","slug":"cote-divoire-arret-de-travail-des-boulangers-lundi","status":"publish","type":"post","link":"https:\/\/linitiative.ca\/International\/cote-divoire-arret-de-travail-des-boulangers-lundi\/","title":{"rendered":"C\u00f4te d\u2019Ivoire: \u00ab\u00a0arr\u00eat de travail\u00a0\u00bb des boulangers lundi"},"content":{"rendered":"<div>\n<p><img loading=\"lazy\" decoding=\"async\" width=\"800\" height=\"533\" src=\"https:\/\/linitiative.ca\/International\/wp-content\/uploads\/sites\/23\/2021\/06\/16249942837846.jpg\" class=\"attachment-post-thumbnail size-post-thumbnail wp-post-image\" alt=\"\" srcset=\"https:\/\/linitiative.ca\/International\/wp-content\/uploads\/sites\/23\/2021\/06\/16249942837846.jpg 800w, https:\/\/www.journalducameroun.com\/wp-content\/uploads\/2021\/06\/16249942837846-300x200.jpg 300w, https:\/\/www.journalducameroun.com\/wp-content\/uploads\/2021\/06\/16249942837846-768x512.jpg 768w, https:\/\/www.journalducameroun.com\/wp-content\/uploads\/2021\/06\/16249942837846-660x440.jpg 660w, https:\/\/www.journalducameroun.com\/wp-content\/uploads\/2021\/06\/16249942837846-600x400.jpg 600w\" sizes=\"auto, (max-width: 800px) 100vw, 800px\"><\/p>\n<p>Le pr\u00e9sident du Haut Patronat de la boulangerie et de la p\u00e2tisserie de C\u00f4te d&rsquo;Ivoire (HPBP-CI), Amadou Coulibaly, a annonc\u00e9 mardi un \u00ab\u00a0arr\u00eat de travail\u00a0\u00bb des boulangers lundi pour interpeller le gouvernement sur la hausse continue du prix du sac de farine.<\/p>\n<p>\u00ab\u00a0Comme la situation n&rsquo;est plus tenable, depuis plusieurs ann\u00e9es, \u00e0 la suite de concertations de nos paires et nos mandants, nous avons convenu de proc\u00e9der \u00e0 un arr\u00eat de travail ce lundi 5 juillet 2021\u00a0\u00bb, a d\u00e9clar\u00e9 M. Amadou Coulibaly face \u00e0 la presse, \u00e0 Abidjan.<\/p>\n<p>Cet arr\u00eat de travail vise \u00e0 \u00ab\u00a0interpeller les autorit\u00e9s pour qu&rsquo;une solution idoine soit trouv\u00e9e, car certains boulangers sont en train de mettre la cl\u00e9 sous le paillasson\u00a0\u00bb, \u00a0a fait remarquer le pr\u00e9sident du HPBPCI.<\/p>\n<p>Le prix du sac de farine de 50 Kg, la mati\u00e8re premi\u00e8re du boulanger, est aujourd&rsquo;hui vendu \u00e0 22.500 Fcfa \u00e0 Abidjan contre 19.250 Fcfa, il y a deux \u00e0 trois ans; de plus les intrants et les loyers augmentent, alors que le prix du pain reste \u00e0 150 Fcfa la baguette, a-t-il soulign\u00e9.<\/p>\n<p>Les pertes s&rsquo;accumulent et les boulangers ferment, et dans ce contexte, le Haut patronat du secteur a engag\u00e9 des discussions avec le minist\u00e8re du Commerce et de l&rsquo;industrie qui avait accept\u00e9 une hausse de 1000 Fcfa sur le prix du sac de la farine.<\/p>\n<p>\u00ab\u00a0Mais, malheureusement, le lundi dernier, une augmentation est survenue sur le sac de farine\u00a0\u00bb, c&rsquo;est pourquoi face \u00e0 cette \u00ab\u00a0exacerbation\u00a0\u00bb des boulangers, ce mot d&rsquo;ordre a \u00e9t\u00e9 arr\u00eat\u00e9 pour interpeller l&rsquo;Etat, a-t-il expliqu\u00e9.<\/p>\n<p>Au mois de mai 2021, face aux vell\u00e9it\u00e9s de la crise \u00e9nerg\u00e9tique, des acteurs du secteur de la boulangerie avaient voulu faire une augmentation de la baguette de pain, mais le Haut patronat est mont\u00e9 au cr\u00e9neau afin de ne pas en rajouter \u00e0 la souffrance des populations.<\/p>\n<p>Cet article <a rel=\"nofollow\" href=\"https:\/\/www.journalducameroun.com\/cote-divoire-arret-de-travail-des-boulangers-lundi\/\">C\u00f4te d\u2019Ivoire: \u00ab\u00a0arr\u00eat de travail\u00a0\u00bb des boulangers lundi<\/a> est apparu en premier sur <a rel=\"nofollow\" href=\"https:\/\/www.journalducameroun.com\/\">Journal du Cameroun<\/a>.<\/p>\n<\/div>\n<p>Auteur: APA News<br \/>\n<a href=\"https:\/\/www.journalducameroun.com\/cote-divoire-arret-de-travail-des-boulangers-lundi\/\">Cliquez ici pour lire l&rsquo;article depuis sa source.<\/a><\/p>\n","protected":false},"excerpt":{"rendered":"<p>Le pr\u00e9sident du Haut Patronat de la boulangerie et de la p\u00e2tisserie de C\u00f4te d&rsquo;Ivoire (HPBP-CI), Amadou Coulibaly, a annonc\u00e9 mardi un \u00ab\u00a0arr\u00eat de travail\u00a0\u00bb des boulangers lundi pour interpeller le gouvernement sur la hausse continue du prix du sac de farine. \u00ab\u00a0Comme la situation n&rsquo;est plus tenable, depuis plusieurs ann\u00e9es, \u00e0 la suite de [&hellip;]<\/p>\n","protected":false},"author":1965,"featured_media":0,"comment_status":"closed","ping_status":"closed","sticky":false,"template":"","format":"standard","meta":{"fifu_image_url":"https:\/\/www.journalducameroun.com\/wp-content\/uploads\/2021\/06\/16249942837846.jpg","fifu_image_alt":"C\u00f4te d\u2019Ivoire: \u00ab\u00a0arr\u00eat de travail\u00a0\u00bb des boulangers lundi","footnotes":""},"categories":[73,82],"tags":[],"class_list":["post-119900","post","type-post","status-publish","format-standard","hentry","category-actualite","category-cameroun"],"_links":{"self":[{"href":"https:\/\/linitiative.ca\/International\/wp-json\/wp\/v2\/posts\/119900","targetHints":{"allow":["GET"]}}],"collection":[{"href":"https:\/\/linitiative.ca\/International\/wp-json\/wp\/v2\/posts"}],"about":[{"href":"https:\/\/linitiative.ca\/International\/wp-json\/wp\/v2\/types\/post"}],"author":[{"embeddable":true,"href":"https:\/\/linitiative.ca\/International\/wp-json\/wp\/v2\/users\/1965"}],"replies":[{"embeddable":true,"href":"https:\/\/linitiative.ca\/International\/wp-json\/wp\/v2\/comments?post=119900"}],"version-history":[{"count":0,"href":"https:\/\/linitiative.ca\/International\/wp-json\/wp\/v2\/posts\/119900\/revisions"}],"wp:attachment":[{"href":"https:\/\/linitiative.ca\/International\/wp-json\/wp\/v2\/media?parent=119900"}],"wp:term":[{"taxonomy":"category","embeddable":true,"href":"https:\/\/linitiative.ca\/International\/wp-json\/wp\/v2\/categories?post=119900"},{"taxonomy":"post_tag","embeddable":true,"href":"https:\/\/linitiative.ca\/International\/wp-json\/wp\/v2\/tags?post=119900"}],"curies":[{"name":"wp","href":"https:\/\/api.w.org\/{rel}","templated":true}]}}