{"id":119902,"date":"2021-06-29T16:18:02","date_gmt":"2021-06-29T20:18:02","guid":{"rendered":"https:\/\/linitiative.ca\/International\/lartiste-nigeriane-asa-en-concert-live-a-abidjan-le-2-juillet-2021\/"},"modified":"2021-06-29T16:18:02","modified_gmt":"2021-06-29T20:18:02","slug":"lartiste-nigeriane-asa-en-concert-live-a-abidjan-le-2-juillet-2021","status":"publish","type":"post","link":"https:\/\/linitiative.ca\/International\/lartiste-nigeriane-asa-en-concert-live-a-abidjan-le-2-juillet-2021\/","title":{"rendered":"L\u2019artiste Nig\u00e9riane Asa en concert live \u00e0 Abidjan le 2 juillet 2021"},"content":{"rendered":"<div>\n<p><img loading=\"lazy\" decoding=\"async\" width=\"800\" height=\"533\" src=\"https:\/\/linitiative.ca\/International\/wp-content\/uploads\/sites\/23\/2021\/06\/16249978827792.jpg\" class=\"attachment-post-thumbnail size-post-thumbnail wp-post-image\" alt=\"\" srcset=\"https:\/\/linitiative.ca\/International\/wp-content\/uploads\/sites\/23\/2021\/06\/16249978827792.jpg 800w, https:\/\/www.journalducameroun.com\/wp-content\/uploads\/2021\/06\/16249978827792-300x200.jpg 300w, https:\/\/www.journalducameroun.com\/wp-content\/uploads\/2021\/06\/16249978827792-768x512.jpg 768w, https:\/\/www.journalducameroun.com\/wp-content\/uploads\/2021\/06\/16249978827792-660x440.jpg 660w, https:\/\/www.journalducameroun.com\/wp-content\/uploads\/2021\/06\/16249978827792-600x400.jpg 600w\" sizes=\"auto, (max-width: 800px) 100vw, 800px\"><\/p>\n<p>La c\u00e9l\u00e8bre artiste Nig\u00e9riane Asa s&rsquo;est dite mardi \u00ab\u00a0heureuse\u00a0\u00bb de performer sur sc\u00e8ne apr\u00e8s un temps de r\u00e9pit d\u00fb \u00e0 la Covid-19, lors d&rsquo;un concert live pr\u00e9vu \u00e0 Abidjan le 2 juillet 2021, au cours d&rsquo;une conf\u00e9rence de presse.<\/p>\n<p>Derri\u00e8re des lunettes fum\u00e9es et d&rsquo;un air jovial et rassurant, l&rsquo;artiste Nig\u00e9riane a donn\u00e9 rendez-vous ce jour \u00e0 ses fans dans un h\u00f4tel de r\u00e9f\u00e9rence de la place, o\u00f9 elle compte offrir un \u00e9v\u00e9nement qualitatif haut en lumi\u00e8re et en sons.<\/p>\n<p>Ce show, elle l&rsquo;assurera avec 11 personnes composant son staff, parmi lesquelles des ing\u00e9nieurs de sons. Sur sc\u00e8ne, elle sera accompagn\u00e9e par deux autres artistes musiciens, notamment Ayidissa et Watakita.<\/p>\n<p>Fiert\u00e9 du continent, Asa est \u00e9galement une artiste compositrice, percussionniste, pianiste et danseuse. Elle est auteure du tr\u00e8s c\u00e9l\u00e8bre tube \u00ab\u00a0Jailer\u00a0\u00bb et de biens d&rsquo;autres titres issus de plus de cinq opus.\u00a0<\/p>\n<p>Le sponsor officiel de cet \u00e9v\u00e9nement est le groupe Kaydan. Avec 11 musiciens venus de Paris et de Londres, elle promet une performance in\u00e9dite en 1h30 minutes rythm\u00e9e par un r\u00e9pertoire riche et vari\u00e9.<\/p>\n<p>Cet article <a rel=\"nofollow\" href=\"https:\/\/www.journalducameroun.com\/lartiste-nigeriane-asa-en-concert-live-a-abidjan-le-2-juillet-2021\/\">L\u2019artiste Nig\u00e9riane Asa en concert live \u00e0 Abidjan le 2 juillet 2021<\/a> est apparu en premier sur <a rel=\"nofollow\" href=\"https:\/\/www.journalducameroun.com\/\">Journal du Cameroun<\/a>.<\/p>\n<\/div>\n<p>Auteur: APA News<br \/>\n<a href=\"https:\/\/www.journalducameroun.com\/lartiste-nigeriane-asa-en-concert-live-a-abidjan-le-2-juillet-2021\/\">Cliquez ici pour lire l&rsquo;article depuis sa source.<\/a><\/p>\n","protected":false},"excerpt":{"rendered":"<p>La c\u00e9l\u00e8bre artiste Nig\u00e9riane Asa s&rsquo;est dite mardi \u00ab\u00a0heureuse\u00a0\u00bb de performer sur sc\u00e8ne apr\u00e8s un temps de r\u00e9pit d\u00fb \u00e0 la Covid-19, lors d&rsquo;un concert live pr\u00e9vu \u00e0 Abidjan le 2 juillet 2021, au cours d&rsquo;une conf\u00e9rence de presse. Derri\u00e8re des lunettes fum\u00e9es et d&rsquo;un air jovial et rassurant, l&rsquo;artiste Nig\u00e9riane a donn\u00e9 rendez-vous ce [&hellip;]<\/p>\n","protected":false},"author":1965,"featured_media":0,"comment_status":"closed","ping_status":"closed","sticky":false,"template":"","format":"standard","meta":{"fifu_image_url":"https:\/\/www.journalducameroun.com\/wp-content\/uploads\/2021\/06\/16249978827792.jpg","fifu_image_alt":"L\u2019artiste Nig\u00e9riane Asa en concert live \u00e0 Abidjan le 2 juillet 2021","footnotes":""},"categories":[73,82],"tags":[],"class_list":["post-119902","post","type-post","status-publish","format-standard","hentry","category-actualite","category-cameroun"],"_links":{"self":[{"href":"https:\/\/linitiative.ca\/International\/wp-json\/wp\/v2\/posts\/119902","targetHints":{"allow":["GET"]}}],"collection":[{"href":"https:\/\/linitiative.ca\/International\/wp-json\/wp\/v2\/posts"}],"about":[{"href":"https:\/\/linitiative.ca\/International\/wp-json\/wp\/v2\/types\/post"}],"author":[{"embeddable":true,"href":"https:\/\/linitiative.ca\/International\/wp-json\/wp\/v2\/users\/1965"}],"replies":[{"embeddable":true,"href":"https:\/\/linitiative.ca\/International\/wp-json\/wp\/v2\/comments?post=119902"}],"version-history":[{"count":0,"href":"https:\/\/linitiative.ca\/International\/wp-json\/wp\/v2\/posts\/119902\/revisions"}],"wp:attachment":[{"href":"https:\/\/linitiative.ca\/International\/wp-json\/wp\/v2\/media?parent=119902"}],"wp:term":[{"taxonomy":"category","embeddable":true,"href":"https:\/\/linitiative.ca\/International\/wp-json\/wp\/v2\/categories?post=119902"},{"taxonomy":"post_tag","embeddable":true,"href":"https:\/\/linitiative.ca\/International\/wp-json\/wp\/v2\/tags?post=119902"}],"curies":[{"name":"wp","href":"https:\/\/api.w.org\/{rel}","templated":true}]}}