{"id":119904,"date":"2021-06-29T17:18:01","date_gmt":"2021-06-29T21:18:01","guid":{"rendered":"https:\/\/linitiative.ca\/International\/la-cote-divoire-et-le-maroc-evoquent-la-regulation-des-web-radios-et-web-teles\/"},"modified":"2021-06-29T17:18:01","modified_gmt":"2021-06-29T21:18:01","slug":"la-cote-divoire-et-le-maroc-evoquent-la-regulation-des-web-radios-et-web-teles","status":"publish","type":"post","link":"https:\/\/linitiative.ca\/International\/la-cote-divoire-et-le-maroc-evoquent-la-regulation-des-web-radios-et-web-teles\/","title":{"rendered":"La C\u00f4te d\u2019Ivoire et le Maroc \u00e9voquent la r\u00e9gulation des web radios et web t\u00e9l\u00e9s"},"content":{"rendered":"<div>\n<p><img loading=\"lazy\" decoding=\"async\" width=\"1080\" height=\"720\" src=\"https:\/\/linitiative.ca\/International\/wp-content\/uploads\/sites\/23\/2021\/06\/16250014827126.jpg\" class=\"attachment-post-thumbnail size-post-thumbnail wp-post-image\" alt=\"\" srcset=\"https:\/\/linitiative.ca\/International\/wp-content\/uploads\/sites\/23\/2021\/06\/16250014827126.jpg 1080w, https:\/\/www.journalducameroun.com\/wp-content\/uploads\/2021\/06\/16250014827126-300x200.jpg 300w, https:\/\/www.journalducameroun.com\/wp-content\/uploads\/2021\/06\/16250014827126-768x512.jpg 768w, https:\/\/www.journalducameroun.com\/wp-content\/uploads\/2021\/06\/16250014827126-1024x683.jpg 1024w, https:\/\/www.journalducameroun.com\/wp-content\/uploads\/2021\/06\/16250014827126-660x440.jpg 660w, https:\/\/www.journalducameroun.com\/wp-content\/uploads\/2021\/06\/16250014827126-600x400.jpg 600w\" sizes=\"auto, (max-width: 1080px) 100vw, 1080px\"><\/p>\n<p>Le pr\u00e9sident de la Haute autorit\u00e9 de la communication audiovisuelle (HACA) de C\u00f4te d&rsquo;Ivoire,  Me Ren\u00e9 Bourgoin et son homologue du Maroc ont \u00e9voqu\u00e9, lundi \u00e0 Rabat, la r\u00e9gulation la r\u00e9gulation des web radios et t\u00e9l\u00e9s.<\/p>\n<p>Selon une note d&rsquo;information transmise \u00e0 APA, mardi, Me Bourgoin qui est en visite de travail \u00e0 Rabat du 27 juin au 02 juillet 2021 s&rsquo;est entretenu, lundi, avec Mme Latifa Akharbach, pr\u00e9sidente de la HACA du Maroc.<\/p>\n<p>La cr\u00e9ation d&rsquo;un comit\u00e9 conjoint de veille juridique d\u00e9di\u00e9 \u00e0 la question de la transformation num\u00e9rique des m\u00e9dias audiovisuels et la consolidation des comp\u00e9tences des r\u00e9gulateurs africains ainsi que les exp\u00e9riences de r\u00e9gulation des web radios et web t\u00e9l\u00e9s ont \u00e9t\u00e9 au centre des \u00e9changes.<\/p>\n<p>Vice-Pr\u00e9sidente actuelle du R\u00e9seau des instances africaines de r\u00e9gulation de la communication (RIARC), Mme Akharbach a en outre \u00e9chang\u00e9 avec son h\u00f4te ivoirien autour des prochaines \u00e9ch\u00e9ances de la plateforme africaine et de la n\u00e9cessit\u00e9 de relancer la dynamique de coop\u00e9ration entre les instances du continent, dont notamment les projets et manifestations ajourn\u00e9s du fait de la pand\u00e9mie mondiale de la Covid-19.<\/p>\n<p>Cette visite de travail fait suite \u00e0 la signature le 22 septembre 2020 de la convention de partenariat et de coop\u00e9ration entre la HACA marocaine et son homologue ivoirienne.<\/p>\n<p>Se fondant, \u00e0 la fois, sur le r\u00f4le et la place sp\u00e9cifiques des m\u00e9dias dans le d\u00e9veloppement de la culture d\u00e9mocratique et l&rsquo;animation de la vie publique, et sur la n\u00e9cessit\u00e9 de consolidation de l&rsquo;expertise, de l&rsquo;efficience et de l&rsquo;autonomie des instances de r\u00e9gulation, cette convention pr\u00e9voit plusieurs chantiers de collaboration entre la HACA du Maroc et la HACA de la C\u00f4te d&rsquo;Ivoire.<\/p>\n<p>La d\u00e9l\u00e9gation ivoirienne a sur son agenda, des visites aux si\u00e8ges de Hit Radio et M\u00e9di 1 TV, deux op\u00e9rateurs audiovisuels marocains ayant obtenu une autorisation de diffusion de la HACA de C\u00f4te d&rsquo;Ivoire.<\/p>\n<p>Une r\u00e9union est \u00e9galement programm\u00e9e avec M. El Mostafa Alaoui, Directeur g\u00e9n\u00e9ral du Centre interprofessionnel d&rsquo;audience des M\u00e9dias (CIAUMED) qui pr\u00e9sentera \u00e0 la d\u00e9l\u00e9gation ivoirienne l&rsquo;exp\u00e9rience marocaine en mati\u00e8re de mesure d&rsquo;audience de la t\u00e9l\u00e9vision.<\/p>\n<p>Cet article <a rel=\"nofollow\" href=\"https:\/\/www.journalducameroun.com\/la-cote-divoire-et-le-maroc-evoquent-la-regulation-des-web-radios-et-web-teles\/\">La C\u00f4te d\u2019Ivoire et le Maroc \u00e9voquent la r\u00e9gulation des web radios et web t\u00e9l\u00e9s<\/a> est apparu en premier sur <a rel=\"nofollow\" href=\"https:\/\/www.journalducameroun.com\/\">Journal du Cameroun<\/a>.<\/p>\n<\/div>\n<p>Auteur: APA News<br \/>\n<a href=\"https:\/\/www.journalducameroun.com\/la-cote-divoire-et-le-maroc-evoquent-la-regulation-des-web-radios-et-web-teles\/\">Cliquez ici pour lire l&rsquo;article depuis sa source.<\/a><\/p>\n","protected":false},"excerpt":{"rendered":"<p>Le pr\u00e9sident de la Haute autorit\u00e9 de la communication audiovisuelle (HACA) de C\u00f4te d&rsquo;Ivoire, Me Ren\u00e9 Bourgoin et son homologue du Maroc ont \u00e9voqu\u00e9, lundi \u00e0 Rabat, la r\u00e9gulation la r\u00e9gulation des web radios et t\u00e9l\u00e9s. Selon une note d&rsquo;information transmise \u00e0 APA, mardi, Me Bourgoin qui est en visite de travail \u00e0 Rabat du [&hellip;]<\/p>\n","protected":false},"author":1965,"featured_media":0,"comment_status":"closed","ping_status":"closed","sticky":false,"template":"","format":"standard","meta":{"fifu_image_url":"https:\/\/www.journalducameroun.com\/wp-content\/uploads\/2021\/06\/16250014827126.jpg","fifu_image_alt":"La C\u00f4te d\u2019Ivoire et le Maroc \u00e9voquent la r\u00e9gulation des web radios et web t\u00e9l\u00e9s","footnotes":""},"categories":[73,82],"tags":[],"class_list":["post-119904","post","type-post","status-publish","format-standard","hentry","category-actualite","category-cameroun"],"_links":{"self":[{"href":"https:\/\/linitiative.ca\/International\/wp-json\/wp\/v2\/posts\/119904","targetHints":{"allow":["GET"]}}],"collection":[{"href":"https:\/\/linitiative.ca\/International\/wp-json\/wp\/v2\/posts"}],"about":[{"href":"https:\/\/linitiative.ca\/International\/wp-json\/wp\/v2\/types\/post"}],"author":[{"embeddable":true,"href":"https:\/\/linitiative.ca\/International\/wp-json\/wp\/v2\/users\/1965"}],"replies":[{"embeddable":true,"href":"https:\/\/linitiative.ca\/International\/wp-json\/wp\/v2\/comments?post=119904"}],"version-history":[{"count":0,"href":"https:\/\/linitiative.ca\/International\/wp-json\/wp\/v2\/posts\/119904\/revisions"}],"wp:attachment":[{"href":"https:\/\/linitiative.ca\/International\/wp-json\/wp\/v2\/media?parent=119904"}],"wp:term":[{"taxonomy":"category","embeddable":true,"href":"https:\/\/linitiative.ca\/International\/wp-json\/wp\/v2\/categories?post=119904"},{"taxonomy":"post_tag","embeddable":true,"href":"https:\/\/linitiative.ca\/International\/wp-json\/wp\/v2\/tags?post=119904"}],"curies":[{"name":"wp","href":"https:\/\/api.w.org\/{rel}","templated":true}]}}