{"id":119907,"date":"2021-06-29T14:49:40","date_gmt":"2021-06-29T18:49:40","guid":{"rendered":"https:\/\/linitiative.ca\/International\/climat-social-les-retraites-de-camwater-reclament-11-milliard-dindemnites\/"},"modified":"2021-06-29T14:49:40","modified_gmt":"2021-06-29T18:49:40","slug":"climat-social-les-retraites-de-camwater-reclament-11-milliard-dindemnites","status":"publish","type":"post","link":"https:\/\/linitiative.ca\/International\/climat-social-les-retraites-de-camwater-reclament-11-milliard-dindemnites\/","title":{"rendered":"Climat social : les retrait\u00e9s de Camwater r\u00e9clament 1,1 milliard d\u2019indemnit\u00e9s"},"content":{"rendered":"<div>\n<p>La correspondance dat\u00e9e du 16 juin 2021. Avec pour exp\u00e9diteur \u00able Collectif des r\u00e9cents retrait\u00e9s de la Camwater\u00bb, adress\u00e9e au Premier ministre, Chef du gouvernement, Joseph Dion Ngute avec ampliation aux DG et PCA de la Camwater. Des anciens employ\u00e9s de la d\u00e9funte Snec (Soci\u00e9t\u00e9 nationale des eaux du Cameroun), Cde (Camerounaise des eaux), et Camwater indiquent dans la lettre mentionn\u00e9e \u00eatre \u00abconfront\u00e9s \u00e0 de graves difficult\u00e9s\u00bb. Difficult\u00e9s portant essentiellement sur le paiement de leur pension retraite et le r\u00e8glement des Ifc, les indemnit\u00e9s de fin de carri\u00e8re. \u00abNos anciennet\u00e9s de service varient entre 30 et 40 ans pour la plupart. Nous avons \u00e9t\u00e9 admis \u00e0 faire valoir nos droits \u00e0 la retraite depuis d\u00e9cembre 2020 en accord avec la convention qui nous r\u00e9git \u00e0 la Camwater\u00bb, indique le collectif.<\/p>\n<p><strong>Lire aussi<\/strong> : <strong><a href=\"https:\/\/ecomatin.net\/la-camwater-denombre-des-pertess-annuelles-de-10-milliards-de-f-dues-a-la-fraude\/\">La Camwater d\u00e9nombre des pertes annuelles de 10 milliards de F dues \u00e0 la fraude<\/a><\/strong><\/p>\n<p>Sur le point de correspondance concernant les cotisations sociales, les 13 signataires repr\u00e9sentant un groupe de 78 ex-employ\u00e9s de Camwater d\u00e9plorent le paiement partiel, voire le non-paiement des droits de pension: \u00abpendant toutes nos carri\u00e8res, des pr\u00e9l\u00e8vements ont \u00e9t\u00e9 op\u00e9r\u00e9s dans nos bulletins de paie au titre des cotisations au b\u00e9n\u00e9fice de la Cnps, assurant ainsi cette retraite au terme de nos activit\u00e9s. Nous ne comprenons pas pourquoi nos pensions sont tomb\u00e9es en ruine\u00bb, peut-on lire dans la correspondance adress\u00e9e au Premier ministre. Plusieurs documents attestent en effet de \u00abl\u2019acceptation de paiement partiel de pension retraite par d\u00e9faut de reversement des cotisations sociales par la Camwater\u00bb, par plusieurs ex-employ\u00e9s de Camwater.<\/p>\n<p><strong>Lire aussi<\/strong> : <strong><a href=\"https:\/\/ecomatin.net\/degradation-de-la-chaussee-la-mairie-de-douala-tend-la-facture-a-eneo-camwater-et-camtel\/\">D\u00e9gradation de la chauss\u00e9e : la mairie de Douala tend la facture \u00e0 Eneo, Camwater et Camtel<\/a><\/strong><\/p>\n<p>Sur le paiement des Ifc, le collectif s\u2019offusque contre la lenteur observ\u00e9e dans le paiement desdits droits. Les retrait\u00e9s de 2020 d\u00e9noncent l\u2019\u00e9laboration par la Camwater d\u2019un calendrier de r\u00e8glement des indemnit\u00e9s de fin de carri\u00e8re s\u2019\u00e9talant de 11 \u00e0 12 mois, en violation de la r\u00e9glementation, disent-ils. \u00abLes d\u00e9parts \u00e0 la retraite ob\u00e9issent logiquement \u00e0 la remise du certificat de travail accompagn\u00e9 syst\u00e9matiquement du ch\u00e8que ou d\u2019un ordre de virement bancaire en couverture de cette indemnit\u00e9 de fin de carri\u00e8re, mais malheureusement \u00e0 la Camwater c\u2019est tout autre \u00bb, constate le collectif d\u2019ex-employ\u00e9s. Qui fera en outre la r\u00e9v\u00e9lation selon laquelle, \u00e0 l\u2019\u00e9poque des marocains, les personnes appel\u00e9es \u00e0 faire valoir leurs droits \u00e0 la retraite b\u00e9n\u00e9ficiaient de leurs indemnit\u00e9s au bout de 3 semaines seulement\u00bb. Dans une r\u00e9cente correspondance, Gervais Bolenga, le Directeur g\u00e9n\u00e9ral de la Camwater instruisait Joseph Mboudou Akoa, le Directeur des ressources humaines et des affaires sociales de la Camwater, d\u2019effectuer l\u2019\u00e9tat r\u00e9capitulatif des indemnit\u00e9s de fin de carri\u00e8re 2021.<\/p>\n<p><strong>Lire aussi<\/strong> : <strong><a href=\"https:\/\/ecomatin.net\/la-camwater-adopte-un-budget-de-879-milliards-pour-2021\/\">La Camwater adopte un budget de 87,9 milliards pour 2021<\/a><\/strong><\/p>\n<p>Ledit rapport indique un montant de 1,1 milliard de FCFA \u00e0 payer par la Camwater sur la base d\u2019un \u00e9ch\u00e9ancier qui s\u2019\u00e9tend de mai 2021 \u00e0 octobre 2021 (Ifc de juillet 2020 \u00e0 avril 2021). A raison d\u2019un plafond mensuel net de 250 millions de FCFA pour un total de 65 agents retrait\u00e9s. Ce que les neo-retrait\u00e9s de Camwater qualifient de \u00abdilatoire qui tranche avec le solde de tout compte d\u00e8s la mise \u00e0 la retraite\u00bb. Le 10 juin 2021, le Directeur g\u00e9n\u00e9ral de la Camwater a proc\u00e9d\u00e9 au paiement des gratifications exceptionnelles au personnel de l\u2019entreprise apr\u00e8s des atermoiements. Sauf que le collectif des r\u00e9cents retrait\u00e9s de la Camwater s\u2019insurgent contre leur mise \u00e0 l\u2019\u00e9cart de la liste des b\u00e9n\u00e9ficiaires, alors m\u00eame qu\u2019ils \u00e9taient en service au moment du calcul desdites gratifications.\u00a0Une grossi\u00e8re injustice, selon eux. A suivre.<\/p>\n<p>L\u2019article <a rel=\"nofollow\" href=\"https:\/\/ecomatin.net\/climat-social-les-retraitess-de-camwater-reclamentt-11-milliard-dindemnites\/\">Climat social : les retrait\u00e9s de Camwater r\u00e9clament 1,1 milliard d\u2019indemnit\u00e9s<\/a> est apparu en premier sur <a rel=\"nofollow\" href=\"https:\/\/ecomatin.net\/\">EcoMatin<\/a>.<\/p>\n<\/div>\n<p>Auteur: Georges Semey<br \/>\n<a href=\"https:\/\/ecomatin.net\/climat-social-les-retraitess-de-camwater-reclamentt-11-milliard-dindemnites\/\">Cliquez ici pour lire l&rsquo;article depuis sa source.<\/a><\/p>\n","protected":false},"excerpt":{"rendered":"<p>La correspondance dat\u00e9e du 16 juin 2021. Avec pour exp\u00e9diteur \u00able Collectif des r\u00e9cents retrait\u00e9s de la Camwater\u00bb, adress\u00e9e au Premier ministre, Chef du gouvernement, Joseph Dion Ngute avec ampliation aux DG et PCA de la Camwater. Des anciens employ\u00e9s de la d\u00e9funte Snec (Soci\u00e9t\u00e9 nationale des eaux du Cameroun), Cde (Camerounaise des eaux), et [&hellip;]<\/p>\n","protected":false},"author":1969,"featured_media":0,"comment_status":"closed","ping_status":"closed","sticky":false,"template":"","format":"standard","meta":{"fifu_image_url":"","fifu_image_alt":"","footnotes":""},"categories":[82,78],"tags":[],"class_list":["post-119907","post","type-post","status-publish","format-standard","hentry","category-cameroun","category-economie"],"_links":{"self":[{"href":"https:\/\/linitiative.ca\/International\/wp-json\/wp\/v2\/posts\/119907","targetHints":{"allow":["GET"]}}],"collection":[{"href":"https:\/\/linitiative.ca\/International\/wp-json\/wp\/v2\/posts"}],"about":[{"href":"https:\/\/linitiative.ca\/International\/wp-json\/wp\/v2\/types\/post"}],"author":[{"embeddable":true,"href":"https:\/\/linitiative.ca\/International\/wp-json\/wp\/v2\/users\/1969"}],"replies":[{"embeddable":true,"href":"https:\/\/linitiative.ca\/International\/wp-json\/wp\/v2\/comments?post=119907"}],"version-history":[{"count":0,"href":"https:\/\/linitiative.ca\/International\/wp-json\/wp\/v2\/posts\/119907\/revisions"}],"wp:attachment":[{"href":"https:\/\/linitiative.ca\/International\/wp-json\/wp\/v2\/media?parent=119907"}],"wp:term":[{"taxonomy":"category","embeddable":true,"href":"https:\/\/linitiative.ca\/International\/wp-json\/wp\/v2\/categories?post=119907"},{"taxonomy":"post_tag","embeddable":true,"href":"https:\/\/linitiative.ca\/International\/wp-json\/wp\/v2\/tags?post=119907"}],"curies":[{"name":"wp","href":"https:\/\/api.w.org\/{rel}","templated":true}]}}