{"id":119911,"date":"2021-06-30T10:20:01","date_gmt":"2021-06-30T14:20:01","guid":{"rendered":"https:\/\/linitiative.ca\/International\/au-profit-des-ecoles-limitrophes-du-reseau-routier-le-developpement-des-classes-numeriques-en-ligne-de-mire-dadm\/"},"modified":"2021-06-30T10:20:01","modified_gmt":"2021-06-30T14:20:01","slug":"au-profit-des-ecoles-limitrophes-du-reseau-routier-le-developpement-des-classes-numeriques-en-ligne-de-mire-dadm","status":"publish","type":"post","link":"https:\/\/linitiative.ca\/International\/au-profit-des-ecoles-limitrophes-du-reseau-routier-le-developpement-des-classes-numeriques-en-ligne-de-mire-dadm\/","title":{"rendered":"Au profit des \u00e9coles limitrophes du r\u00e9seau routier : Le d\u00e9veloppement des classes num\u00e9riques  en ligne de mire d\u2019ADM"},"content":{"rendered":"<div>\n<p><img decoding=\"async\" width=\"300\" height=\"153\" src=\"https:\/\/linitiative.ca\/International\/wp-content\/uploads\/sites\/23\/2021\/06\/Au-profit-des-ecoles-limitrophes-du-reseau-routier-Le-developpement-des-classes-numeriques-en-ligne-de-mire-dADM-300x153-1.jpg\" class=\"attachment-medium size-medium wp-post-image\" alt=\"\" loading=\"lazy\" srcset=\"\/\/aujourdhui.ma\/wp-content\/uploads\/2021\/06\/Au-profit-des-ecoles-limitrophes-du-reseau-routier-Le-developpement-des-classes-numeriques-en-ligne-de-mire-dADM-300x153.jpg 300w, \/\/aujourdhui.ma\/wp-content\/uploads\/2021\/06\/Au-profit-des-ecoles-limitrophes-du-reseau-routier-Le-developpement-des-classes-numeriques-en-ligne-de-mire-dADM-274x140.jpg 274w, \/\/aujourdhui.ma\/wp-content\/uploads\/2021\/06\/Au-profit-des-ecoles-limitrophes-du-reseau-routier-Le-developpement-des-classes-numeriques-en-ligne-de-mire-dADM.jpg 746w, \/\/aujourdhui.ma\/wp-content\/uploads\/2021\/06\/Au-profit-des-ecoles-limitrophes-du-reseau-routier-Le-developpement-des-classes-numeriques-en-ligne-de-mire-dADM-165x84.jpg 165w, \/\/aujourdhui.ma\/wp-content\/uploads\/2021\/06\/Au-profit-des-ecoles-limitrophes-du-reseau-routier-Le-developpement-des-classes-numeriques-en-ligne-de-mire-dADM-702x358.jpg 702w\" sizes=\"auto, (max-width: 300px) 100vw, 300px\"><\/p>\n<p><span style=\"color: #800000;\"><strong>Dans le cadre du partenariat entre le minist\u00e8re de l\u2019\u00e9ducation nationale, de la formation professionnelle, de l\u2019Enseignement Sup\u00e9rieur et de la recherche scientifique (MENFPESRS) et la Soci\u00e9t\u00e9 Nationale des Autoroutes du Maroc (ADM), Anouar Benazzouz, directeur g\u00e9n\u00e9ral d\u2019ADM, a pr\u00e9sid\u00e9 le 28 juin 2021 la c\u00e9r\u00e9monie d\u2019inauguration de la classe num\u00e9rique de l\u2019\u00e9cole Sidi Boushab dans la commune d\u2019Amskroud, une des 325 \u00e9coles primaires du Programme J\/Jeunes Espoirs d\u00e9ploy\u00e9 par ADM au profit des \u00e9coles limitrophes \u00e0 l\u2019axe autoroutier.<\/strong><\/span><span id=\"more-380436\"><\/span><\/p>\n<p>Concr\u00e8tement, le programme J\/jeunes espoirs est une composante du programme communautaire mis en place par ADM pour soutenir ses communaut\u00e9s proches, notamment les territoires limitrophes de l\u2019axe autoroutier qui ont vu leur environnement chang\u00e9 apr\u00e8s le passage de l\u2019autoroute. Il a \u00e9t\u00e9 lanc\u00e9 en 2008 et a d\u00e9j\u00e0 permis la r\u00e9habilitation de 325 \u00e9coles. Outre son volet relatif \u00e0 la r\u00e9habilitation de l\u2019infrastructure de base et l\u2019am\u00e9nagement des espaces d\u2019apprentissage, qui constitue un pr\u00e9 requis \u00e0 l\u2019\u00e9panouissement des \u00e9coliers, ADM souligne dans un communiqu\u00e9 que ce programme attache \u00e9galement une importance toute particuli\u00e8re \u00e0 l\u2019\u00e9ducation et la pr\u00e9paration des citoyens de demain, notamment \u00e0 travers l\u2019organisation et l\u2019animation d\u2019ateliers ludiques sur plusieurs th\u00e9matiques comme la s\u00e9curit\u00e9 autorouti\u00e8re et la protection de l\u2019environnement.<\/p>\n<p><a href=\"https:\/\/linitiative.ca\/International\/wp-content\/uploads\/sites\/23\/2021\/06\/Amskroud-3.jpg\"><img decoding=\"async\" loading=\"lazy\" class=\"alignnone size-full wp-image-380440\" src=\"https:\/\/linitiative.ca\/International\/wp-content\/uploads\/sites\/23\/2021\/06\/Amskroud-3.jpg\" alt=\"\" width=\"746\" height=\"380\" srcset=\"\/\/aujourdhui.ma\/wp-content\/uploads\/2021\/06\/Amskroud-3.jpg 746w, \/\/aujourdhui.ma\/wp-content\/uploads\/2021\/06\/Amskroud-3-300x153.jpg 300w, \/\/aujourdhui.ma\/wp-content\/uploads\/2021\/06\/Amskroud-3-274x140.jpg 274w, \/\/aujourdhui.ma\/wp-content\/uploads\/2021\/06\/Amskroud-3-165x84.jpg 165w, \/\/aujourdhui.ma\/wp-content\/uploads\/2021\/06\/Amskroud-3-702x358.jpg 702w\" sizes=\"auto, (max-width: 746px) 100vw, 746px\"><\/a><\/p>\n<p>\u00a0<\/p>\n<p>Pour ce faire, et afin d\u2019offrir aux \u00e9l\u00e8ves des \u00e9coles limitrophes un acc\u00e8s aux ressources num\u00e9riques, am\u00e9liorer la qualit\u00e9 de leur apprentissage et leur permettre d\u2019acqu\u00e9rir des comp\u00e9tences num\u00e9riques, ADM, dans le cadre d\u2019un nouveau partenariat avec le MENFPESRS, a entam\u00e9 un projet de cr\u00e9ation et d\u2019animation de classes num\u00e9riques. Il s\u2019agit d\u2019am\u00e9nager une classe d\u00e9di\u00e9e par \u00e9cole, de l\u2019\u00e9quiper en mat\u00e9riels informatiques adapt\u00e9s et s\u00e9curis\u00e9s, de la doter d\u2019un acc\u00e8s Internet, de configurer un r\u00e9seau informatique, et d\u2019en assurer la maintenance. Et pour un meilleur usage de cette infrastructure, ADM accompagne le corps p\u00e9dagogique et les \u00e9l\u00e8ves \u00e0 travers l\u2019animation de formations et d\u2019ateliers ludiques et met \u00e0 leur disposition des logiciels et des jeux \u00e9ducatifs. L\u2019\u00e9cole Sidi Boushab est la premi\u00e8re \u00e9cole du programme J \/ Jeunes Espoirs \u00e0 avoir b\u00e9n\u00e9fici\u00e9 de la mise en \u0153uvre de la classe num\u00e9rique, exp\u00e9rience qui est en cours de g\u00e9n\u00e9ralisation \u00e0 d\u2019autres \u00e9tablissements, tient \u00e0 souligner ADM.<\/p>\n<p>Par ailleurs, et dans l\u2019objectif de f\u00e9d\u00e9rer son \u00e9cosyst\u00e8me autour de ce programme \u00e0 forte dimension humaine, ADM a sign\u00e9 une convention de partenariat avec le Groupe DXC DXC, sp\u00e9cialis\u00e9e dans l\u2019accompagnement en transformation digitale, pour \u0153uvrer ensemble \u00e0 la g\u00e9n\u00e9ralisation des classes num\u00e9riques \u00e0 l\u2019ensemble des \u00e9coles du programme<a href=\"https:\/\/linitiative.ca\/International\/wp-content\/uploads\/sites\/23\/2021\/06\/Au-profit-des-ecoles-limitrophes-du-reseau-routier-Le-developpement-des-classes-numeriques-en-ligne-de-mire-dADMd-1.jpg\"><img decoding=\"async\" loading=\"lazy\" class=\"alignnone size-full wp-image-380444\" src=\"https:\/\/linitiative.ca\/International\/wp-content\/uploads\/sites\/23\/2021\/06\/Au-profit-des-ecoles-limitrophes-du-reseau-routier-Le-developpement-des-classes-numeriques-en-ligne-de-mire-dADMd-1.jpg\" alt=\"\" width=\"746\" height=\"380\" srcset=\"\/\/aujourdhui.ma\/wp-content\/uploads\/2021\/06\/Au-profit-des-ecoles-limitrophes-du-reseau-routier-Le-developpement-des-classes-numeriques-en-ligne-de-mire-dADMd-1.jpg 746w, \/\/aujourdhui.ma\/wp-content\/uploads\/2021\/06\/Au-profit-des-ecoles-limitrophes-du-reseau-routier-Le-developpement-des-classes-numeriques-en-ligne-de-mire-dADMd-1-300x153.jpg 300w, \/\/aujourdhui.ma\/wp-content\/uploads\/2021\/06\/Au-profit-des-ecoles-limitrophes-du-reseau-routier-Le-developpement-des-classes-numeriques-en-ligne-de-mire-dADMd-1-274x140.jpg 274w, \/\/aujourdhui.ma\/wp-content\/uploads\/2021\/06\/Au-profit-des-ecoles-limitrophes-du-reseau-routier-Le-developpement-des-classes-numeriques-en-ligne-de-mire-dADMd-1-165x84.jpg 165w, \/\/aujourdhui.ma\/wp-content\/uploads\/2021\/06\/Au-profit-des-ecoles-limitrophes-du-reseau-routier-Le-developpement-des-classes-numeriques-en-ligne-de-mire-dADMd-1-702x358.jpg 702w\" sizes=\"auto, (max-width: 746px) 100vw, 746px\"><\/a>.<\/p>\n<p>\u00a0<\/p>\n<\/div>\n<p>Auteur: ALM<br \/>\n<a href=\"https:\/\/aujourdhui.ma\/automobile\/au-profit-des-ecoles-limitrophes-du-reseau-routier-le-developpement-des-classes-numeriques-en-ligne-de-mire-dadm\">Cliquez ici pour lire l&rsquo;article depuis sa source.<\/a><\/p>\n","protected":false},"excerpt":{"rendered":"<p>Dans le cadre du partenariat entre le minist\u00e8re de l\u2019\u00e9ducation nationale, de la formation professionnelle, de l\u2019Enseignement Sup\u00e9rieur et de la recherche scientifique (MENFPESRS) et la Soci\u00e9t\u00e9 Nationale des Autoroutes du Maroc (ADM), Anouar Benazzouz, directeur g\u00e9n\u00e9ral d\u2019ADM, a pr\u00e9sid\u00e9 le 28 juin 2021 la c\u00e9r\u00e9monie d\u2019inauguration de la classe num\u00e9rique de l\u2019\u00e9cole Sidi Boushab [&hellip;]<\/p>\n","protected":false},"author":1759,"featured_media":0,"comment_status":"closed","ping_status":"closed","sticky":false,"template":"","format":"standard","meta":{"fifu_image_url":"https:\/\/aujourdhui.ma\/wp-content\/uploads\/2021\/06\/Au-profit-des-ecoles-limitrophes-du-reseau-routier-Le-developpement-des-classes-numeriques-en-ligne-de-mire-dADM-300x153.jpg","fifu_image_alt":"Au profit des \u00e9coles limitrophes du r\u00e9seau routier : Le d\u00e9veloppement des classes num\u00e9riques  en ligne de mire d\u2019ADM","footnotes":""},"categories":[73,54],"tags":[],"class_list":["post-119911","post","type-post","status-publish","format-standard","hentry","category-actualite","category-maroc"],"_links":{"self":[{"href":"https:\/\/linitiative.ca\/International\/wp-json\/wp\/v2\/posts\/119911","targetHints":{"allow":["GET"]}}],"collection":[{"href":"https:\/\/linitiative.ca\/International\/wp-json\/wp\/v2\/posts"}],"about":[{"href":"https:\/\/linitiative.ca\/International\/wp-json\/wp\/v2\/types\/post"}],"author":[{"embeddable":true,"href":"https:\/\/linitiative.ca\/International\/wp-json\/wp\/v2\/users\/1759"}],"replies":[{"embeddable":true,"href":"https:\/\/linitiative.ca\/International\/wp-json\/wp\/v2\/comments?post=119911"}],"version-history":[{"count":0,"href":"https:\/\/linitiative.ca\/International\/wp-json\/wp\/v2\/posts\/119911\/revisions"}],"wp:attachment":[{"href":"https:\/\/linitiative.ca\/International\/wp-json\/wp\/v2\/media?parent=119911"}],"wp:term":[{"taxonomy":"category","embeddable":true,"href":"https:\/\/linitiative.ca\/International\/wp-json\/wp\/v2\/categories?post=119911"},{"taxonomy":"post_tag","embeddable":true,"href":"https:\/\/linitiative.ca\/International\/wp-json\/wp\/v2\/tags?post=119911"}],"curies":[{"name":"wp","href":"https:\/\/api.w.org\/{rel}","templated":true}]}}