{"id":119915,"date":"2021-06-30T10:49:42","date_gmt":"2021-06-30T14:49:42","guid":{"rendered":"https:\/\/linitiative.ca\/International\/khouribga-un-trentenaire-tue-sa-mere-a-coups-de-marteau\/"},"modified":"2021-06-30T10:49:42","modified_gmt":"2021-06-30T14:49:42","slug":"khouribga-un-trentenaire-tue-sa-mere-a-coups-de-marteau","status":"publish","type":"post","link":"https:\/\/linitiative.ca\/International\/khouribga-un-trentenaire-tue-sa-mere-a-coups-de-marteau\/","title":{"rendered":"Khouribga : Un trentenaire tue  sa m\u00e8re \u00e0 coups de marteau"},"content":{"rendered":"<div>\n<p><img decoding=\"async\" width=\"300\" height=\"153\" src=\"https:\/\/linitiative.ca\/International\/wp-content\/uploads\/sites\/23\/2021\/06\/malade-mental-300x153-1.jpg\" class=\"attachment-medium size-medium wp-post-image\" alt=\"\" loading=\"lazy\" srcset=\"\/\/aujourdhui.ma\/wp-content\/uploads\/2021\/06\/malade-mental-300x153.jpg 300w, \/\/aujourdhui.ma\/wp-content\/uploads\/2021\/06\/malade-mental-274x140.jpg 274w, \/\/aujourdhui.ma\/wp-content\/uploads\/2021\/06\/malade-mental.jpg 746w, \/\/aujourdhui.ma\/wp-content\/uploads\/2021\/06\/malade-mental-165x84.jpg 165w, \/\/aujourdhui.ma\/wp-content\/uploads\/2021\/06\/malade-mental-702x358.jpg 702w\" sizes=\"auto, (max-width: 300px) 100vw, 300px\"><\/p>\n<p><span style=\"color: #800000;\"><strong>A Khouribga, un jeune homme, la trentaine, a mis fin \u00e0 la vie de sa m\u00e8re, lundi 28 juin, en fin d\u2019apr\u00e8s-midi, en lui ass\u00e9nant des coups de marteau.<\/strong><\/span><span id=\"more-380476\"><\/span><\/p>\n<p>Souffrant de troubles psychiques, ce jeune homme a \u00e9t\u00e9 pris d\u2019une crise hyst\u00e9rique, chez lui au quartier La R\u00e9sistance. D\u00e9cha\u00een\u00e9, il a saisi un marteau et donn\u00e9 plusieurs coups \u00e0 sa m\u00e8re qui a essay\u00e9 de le calmer. Gisant dans une mare de sang, cette m\u00e8re de famille a \u00e9t\u00e9 \u00e9vacu\u00e9e vers le service des urgences de l\u2019h\u00f4pital Hassan II. Mais elle a succomb\u00e9 \u00e0 ses blessures. Alert\u00e9s, les \u00e9l\u00e9ments de la police judiciaire relevant de la s\u00fbret\u00e9 de Khouribga se sont d\u00e9p\u00each\u00e9s sur les lieux pour arr\u00eater le mis en cause.<\/p>\n<\/div>\n<p>Auteur: Abderrafii ALOUMLIKI<br \/>\n<a href=\"https:\/\/aujourdhui.ma\/faits-divers\/khouribga-un-trentenaire-tue-sa-mere-a-coups-de-marteau\">Cliquez ici pour lire l&rsquo;article depuis sa source.<\/a><\/p>\n","protected":false},"excerpt":{"rendered":"<p>A Khouribga, un jeune homme, la trentaine, a mis fin \u00e0 la vie de sa m\u00e8re, lundi 28 juin, en fin d\u2019apr\u00e8s-midi, en lui ass\u00e9nant des coups de marteau. Souffrant de troubles psychiques, ce jeune homme a \u00e9t\u00e9 pris d\u2019une crise hyst\u00e9rique, chez lui au quartier La R\u00e9sistance. D\u00e9cha\u00een\u00e9, il a saisi un marteau et [&hellip;]<\/p>\n","protected":false},"author":1759,"featured_media":0,"comment_status":"closed","ping_status":"closed","sticky":false,"template":"","format":"standard","meta":{"fifu_image_url":"https:\/\/aujourdhui.ma\/wp-content\/uploads\/2021\/06\/malade-mental-300x153.jpg","fifu_image_alt":"Khouribga : Un trentenaire tue  sa m\u00e8re \u00e0 coups de marteau","footnotes":""},"categories":[73,54],"tags":[],"class_list":["post-119915","post","type-post","status-publish","format-standard","hentry","category-actualite","category-maroc"],"_links":{"self":[{"href":"https:\/\/linitiative.ca\/International\/wp-json\/wp\/v2\/posts\/119915","targetHints":{"allow":["GET"]}}],"collection":[{"href":"https:\/\/linitiative.ca\/International\/wp-json\/wp\/v2\/posts"}],"about":[{"href":"https:\/\/linitiative.ca\/International\/wp-json\/wp\/v2\/types\/post"}],"author":[{"embeddable":true,"href":"https:\/\/linitiative.ca\/International\/wp-json\/wp\/v2\/users\/1759"}],"replies":[{"embeddable":true,"href":"https:\/\/linitiative.ca\/International\/wp-json\/wp\/v2\/comments?post=119915"}],"version-history":[{"count":0,"href":"https:\/\/linitiative.ca\/International\/wp-json\/wp\/v2\/posts\/119915\/revisions"}],"wp:attachment":[{"href":"https:\/\/linitiative.ca\/International\/wp-json\/wp\/v2\/media?parent=119915"}],"wp:term":[{"taxonomy":"category","embeddable":true,"href":"https:\/\/linitiative.ca\/International\/wp-json\/wp\/v2\/categories?post=119915"},{"taxonomy":"post_tag","embeddable":true,"href":"https:\/\/linitiative.ca\/International\/wp-json\/wp\/v2\/tags?post=119915"}],"curies":[{"name":"wp","href":"https:\/\/api.w.org\/{rel}","templated":true}]}}