{"id":119917,"date":"2021-06-30T10:51:30","date_gmt":"2021-06-30T14:51:30","guid":{"rendered":"https:\/\/linitiative.ca\/International\/casablanca-arrestation-de-deux-malfrats-qui-semaient-la-terreur-dans-la-zi-sidi-maarouf\/"},"modified":"2021-06-30T10:51:30","modified_gmt":"2021-06-30T14:51:30","slug":"casablanca-arrestation-de-deux-malfrats-qui-semaient-la-terreur-dans-la-zi-sidi-maarouf","status":"publish","type":"post","link":"https:\/\/linitiative.ca\/International\/casablanca-arrestation-de-deux-malfrats-qui-semaient-la-terreur-dans-la-zi-sidi-maarouf\/","title":{"rendered":"Casablanca : Arrestation de deux malfrats qui semaient la terreur dans la ZI Sidi Ma\u00e2rouf"},"content":{"rendered":"<div>\n<p><img decoding=\"async\" width=\"300\" height=\"153\" src=\"https:\/\/linitiative.ca\/International\/wp-content\/uploads\/sites\/23\/2021\/06\/Arrestation-300x153-1.jpg\" class=\"attachment-medium size-medium wp-post-image\" alt=\"\" loading=\"lazy\" srcset=\"\/\/aujourdhui.ma\/wp-content\/uploads\/2020\/04\/Arrestation-300x153.jpg 300w, \/\/aujourdhui.ma\/wp-content\/uploads\/2020\/04\/Arrestation.jpg 746w\" sizes=\"auto, (max-width: 300px) 100vw, 300px\"><\/p>\n<p><span style=\"color: #800000;\"><strong>Deux dangereux malfaiteurs qui s\u2019activaient dans la zone industrielle de Sidi Ma\u00e2rouf, \u00e0 Casablanca, ont \u00e9t\u00e9 arr\u00eat\u00e9s, samedi dernier, par les \u00e9l\u00e9ments de la brigade des motards relevant du district de la s\u00fbret\u00e9 d\u2019A\u00efn Chok.<\/strong><\/span><span id=\"more-380481\"><\/span><\/p>\n<p>Les deux malfrats op\u00e9raient depuis belle lurette dans la r\u00e9gion et arrivaient \u00e0 prendre la fuite avant l\u2019arriv\u00e9e de la police. Ce duo qui circulait \u00e0 bord d\u2019une moto C90 mettait toujours des cagoules avant de surprendre ses victimes tout en les mena\u00e7ant avec des armes blanches. Ils ont ainsi agress\u00e9 plusieurs employ\u00e9es en leur subtilisant leurs smartphones et leur argent. Ils ont finalement \u00e9t\u00e9 \u00e9pingl\u00e9s, samedi dernier, t\u00f4t le matin, au lotissement Les Fleurs, \u00e0 Sidi Ma\u00e2rouf, en flagrant d\u00e9lit d\u2019agression. Deux smartphones, un couteau, deux cagoules et leur moto ont \u00e9t\u00e9 saisis par les limiers de la brigade des motards. Les deux malfrats ont \u00e9t\u00e9 traduits, lundi matin, devant le parquet g\u00e9n\u00e9ral pr\u00e8s la Cour d\u2019appel qui les a maintenus en d\u00e9tention pr\u00e9ventive.<\/p>\n<\/div>\n<p>Auteur: Abderrafii ALOUMLIKI<br \/>\n<a href=\"https:\/\/aujourdhui.ma\/faits-divers\/casablanca-arrestation-de-deux-malfrats-qui-semaient-la-terreur-dans-la-zi-sidi-maarouf\">Cliquez ici pour lire l&rsquo;article depuis sa source.<\/a><\/p>\n","protected":false},"excerpt":{"rendered":"<p>Deux dangereux malfaiteurs qui s\u2019activaient dans la zone industrielle de Sidi Ma\u00e2rouf, \u00e0 Casablanca, ont \u00e9t\u00e9 arr\u00eat\u00e9s, samedi dernier, par les \u00e9l\u00e9ments de la brigade des motards relevant du district de la s\u00fbret\u00e9 d\u2019A\u00efn Chok. Les deux malfrats op\u00e9raient depuis belle lurette dans la r\u00e9gion et arrivaient \u00e0 prendre la fuite avant l\u2019arriv\u00e9e de la [&hellip;]<\/p>\n","protected":false},"author":1759,"featured_media":0,"comment_status":"closed","ping_status":"closed","sticky":false,"template":"","format":"standard","meta":{"fifu_image_url":"https:\/\/aujourdhui.ma\/wp-content\/uploads\/2020\/04\/Arrestation-300x153.jpg","fifu_image_alt":"Casablanca : Arrestation de deux malfrats qui semaient la terreur dans la ZI Sidi Ma\u00e2rouf","footnotes":""},"categories":[73,54],"tags":[],"class_list":["post-119917","post","type-post","status-publish","format-standard","hentry","category-actualite","category-maroc"],"_links":{"self":[{"href":"https:\/\/linitiative.ca\/International\/wp-json\/wp\/v2\/posts\/119917","targetHints":{"allow":["GET"]}}],"collection":[{"href":"https:\/\/linitiative.ca\/International\/wp-json\/wp\/v2\/posts"}],"about":[{"href":"https:\/\/linitiative.ca\/International\/wp-json\/wp\/v2\/types\/post"}],"author":[{"embeddable":true,"href":"https:\/\/linitiative.ca\/International\/wp-json\/wp\/v2\/users\/1759"}],"replies":[{"embeddable":true,"href":"https:\/\/linitiative.ca\/International\/wp-json\/wp\/v2\/comments?post=119917"}],"version-history":[{"count":0,"href":"https:\/\/linitiative.ca\/International\/wp-json\/wp\/v2\/posts\/119917\/revisions"}],"wp:attachment":[{"href":"https:\/\/linitiative.ca\/International\/wp-json\/wp\/v2\/media?parent=119917"}],"wp:term":[{"taxonomy":"category","embeddable":true,"href":"https:\/\/linitiative.ca\/International\/wp-json\/wp\/v2\/categories?post=119917"},{"taxonomy":"post_tag","embeddable":true,"href":"https:\/\/linitiative.ca\/International\/wp-json\/wp\/v2\/tags?post=119917"}],"curies":[{"name":"wp","href":"https:\/\/api.w.org\/{rel}","templated":true}]}}